{"id":944,"date":"2018-10-17T19:58:11","date_gmt":"2018-10-17T17:58:11","guid":{"rendered":"https:\/\/pdkulle.de\/?p=944"},"modified":"2019-11-14T11:58:04","modified_gmt":"2019-11-14T09:58:04","slug":"kulles-verwandlung","status":"publish","type":"post","link":"https:\/\/baerdel.de\/maerchen\/2018\/10\/kulles-verwandlung\/","title":{"rendered":"Kulles Verwandlung"},"content":{"rendered":"\n<p class=\"has-drop-cap wp-block-paragraph\">Kulle kam aus der H\u00f6hle, rieb sich den B\u00e4rendreck aus den Augen und begr\u00fc\u00dfte B\u00e4rdel, der bereits auf ihn wartete, mit einem heiteren \u201eGuten Morgen\u201c. Ohne sich umzudrehen, gab B\u00e4rdel den Gru\u00df zur\u00fcck; er hatte seinen besten Freund an der Stimme erkannt. Na und Nuk, die sich ebenfalls zum Morgenspaziergang eingefunden hatten, z\u00f6gerten dagegen.&nbsp;<\/p>\n\n\n\n<figure class=\"wp-block-image\"><img decoding=\"async\" src=\"https:\/\/pdkulle.de\/wp-content\/uploads\/Kulleneu15.jpg\" alt=\"\" class=\"wp-image-940\"\/><figcaption>Der neue Kulle<\/figcaption><\/figure>\n\n\n\n<p class=\"wp-block-paragraph\">\u201eGuten Morgen. Onkel Kulle?\u201c<\/p>\n\n\n\n<div class=\"wp-block-image\"><figure class=\"aligncenter\"><img loading=\"lazy\" decoding=\"async\" width=\"400\" height=\"300\" src=\"https:\/\/pdkulle.de\/wp-content\/uploads\/nanuk.jpg\" alt=\"\" class=\"wp-image-30\" srcset=\"https:\/\/baerdel.de\/maerchen\/wp-content\/uploads\/nanuk.jpg 400w, https:\/\/baerdel.de\/maerchen\/wp-content\/uploads\/nanuk-300x225.jpg 300w\" sizes=\"auto, (max-width: 400px) 100vw, 400px\" \/><figcaption>Nuk und Na<\/figcaption><\/figure><\/div>\n\n\n\n<p class=\"wp-block-paragraph\">Das war nicht die gewohnte Satzmelodie eines fr\u00f6hlichen Morgengru\u00dfes. Das war unzweideutig eine Frage.<\/p>\n\n\n\n<p class=\"wp-block-paragraph\">\u201eNat\u00fcrlich bin ich Onkel Kulle!\u201c Ob der ungewohnten Begr\u00fc\u00dfung war Kulle wirklich indigniert. Er hatte, zusammen mit Atti, die Eisb\u00e4renzwillinge erzogen und unterrichtet, seit sie mit ihrer Mutter in B\u00e4renleben angekommen waren. Er f\u00fchle sich fast wie ihr Vater, nicht nur wie ihr Onkel. Und jetzt das!<\/p>\n\n\n\n<p class=\"wp-block-paragraph\">\u201eEin bisschen komisch siehst Du schon aus!\u201c mischte B\u00e4rdel sich ein. \u201eIch h\u00e4tte Dich auch kaum wiedererkannt, au\u00dfer an der Stimme. Du hast auf einmal so lange Arme\u2026\u201c<\/p>\n\n\n\n<p class=\"wp-block-paragraph\">\u201e\u2026und Beine!\u201c fiel Nuk ein.<\/p>\n\n\n\n<p class=\"wp-block-paragraph\">\u201eUnd so einen kleinen Kopf!\u201c f\u00fcgte Na hinzu. Kulle war sofort beleidigt \u2013 zweifelte das Kind etwa an seinem \u00fcberragenden Verstand?<\/p>\n\n\n\n<p class=\"wp-block-paragraph\">\u201eAllerdings ist der Kopf jetzt b\u00e4rischer als bisher\u201c, stellte B\u00e4rdel fest. \u201eDas gef\u00e4llt mir.\u201c<\/p>\n\n\n\n<p class=\"wp-block-paragraph\">Atti sauste an der Gruppe vorbei. Sie war auf ihrer t\u00e4glichen Joggingrunde. Als sie Kulles ansichtig wurde, stie\u00df sie einen anerkennenden Pfiff aus. Ein neuer h\u00fcbscher Kerl im Dorf \u2013 das fand sie gut.<\/p>\n\n\n\n<figure class=\"wp-block-image\"><img loading=\"lazy\" decoding=\"async\" width=\"1200\" height=\"900\" src=\"https:\/\/pdkulle.de\/wp-content\/uploads\/attigras.jpg\" alt=\"\" class=\"wp-image-13\" srcset=\"https:\/\/baerdel.de\/maerchen\/wp-content\/uploads\/attigras.jpg 1200w, https:\/\/baerdel.de\/maerchen\/wp-content\/uploads\/attigras-300x225.jpg 300w, https:\/\/baerdel.de\/maerchen\/wp-content\/uploads\/attigras-1024x768.jpg 1024w\" sizes=\"auto, (max-width: 1200px) 100vw, 1200px\" \/><figcaption>Athabaska<\/figcaption><\/figure>\n\n\n\n<p class=\"wp-block-paragraph\">\u201eOnkel Kulle, Tante Atti hat Dich auch nicht erkannt! Was ist eigentlich passiert?\u201c<\/p>\n\n\n\n<p class=\"wp-block-paragraph\">\u201eVielleicht leidet Ihr ja alle an Bewusstseinsst\u00f6rungen. An Sehst\u00f6rungen. Ich sehe bestimmt aus wie immer!\u201c<\/p>\n\n\n\n<p class=\"wp-block-paragraph\">Er ging zu einer gro\u00dfen Pf\u00fctze ein paar Meter weiter, die sich w\u00e4hrend des letzten n\u00e4chtlichen Regens gebildet hatte, um sich im Wasser zu spiegeln. Es waren nur ein paar Schritte bis dahin, der Boden war v\u00f6llig eben, aber Kulle stolperte kurz davor. Als er versuchte, sich mit den Armen abzust\u00fctzen, kam er unvermittelt rasch auf der Erde auf und stauchte sich das Handgelenk.<\/p>\n\n\n\n<p class=\"wp-block-paragraph\">\u201eAu!\u201c schimpfte er, mehr vor Schreck als vor Schmerz. Er hatte wirklich pl\u00f6tzlich andere, ungewohnte Extremit\u00e4ten.<\/p>\n\n\n\n<p class=\"wp-block-paragraph\">Die Pf\u00fctze war von dem Sturz nicht in Mitleidenschaft gezogen worden, Kulle konnte das tun, was er hatte tun wollen: sich spiegeln. \u201eHeiliger Marx!\u201c rief er, als er sich sah. \u201eIch glaub\u2019s nicht! Das war nur ein bl\u00f6der Traum! Tr\u00e4ume sind unterbewusst, sie dienen der Gehirnreinigung, sonst gar nichts!\u201c<\/p>\n\n\n\n<figure class=\"wp-block-image\"><img decoding=\"async\" src=\"https:\/\/pdkulle.de\/wp-content\/uploads\/Kulleneu3.jpg\" alt=\"\" class=\"wp-image-928\"\/><figcaption>Ups? Das ist Kulle?<\/figcaption><\/figure>\n\n\n\n<p class=\"wp-block-paragraph\">Ungeachtet seines schmerzenden Handgelenks trommelte er w\u00fctend mit den F\u00e4usten auf die Erde.<\/p>\n\n\n\n<p class=\"wp-block-paragraph\">B\u00e4rdel trottete zu ihm und fing ihn in einer gro\u00dfen Umarmung auf. \u201eKulle, Du siehst nicht aus wie immer. Du benimmst Dich aber wie immer. Irgend etwas ist passiert, und das scheint mit Deinem Schlaf zu tun zu haben. Was hast Du getr\u00e4umt?\u201c<\/p>\n\n\n\n<p class=\"wp-block-paragraph\"><em>Kulle steht am Ufer des Dorfteiches, der&nbsp; v\u00f6llig zugewachsen ist mit Schilf und auf dem Teichrosen mit riesigen Bl\u00e4ttern wachsen. Von Oicy und ihren Kindern ist nichts zu sehen, ebensowenig von den anderen Bewohnern B\u00e4renlebens. Tussi taucht aus dem Wasser auf und grinst ihn an. \u00dcber ihrem Kopf schwirrt etwas in der Luft, das Kulle zun\u00e4chst f\u00fcr einen rotierenden braunem Golfball h\u00e4lt. Erst bei n\u00e4herem Hinsehen stellt er fest, dass es sich um einen kleinen Hund handelt, der seine Ohren so schnell rotieren l\u00e4sst, dass er wie ein Kolibri in der Luft zu stehen vermag. Kulle beschlie\u00dft, dass er das nicht verstehen muss.<\/em><\/p>\n\n\n\n<div class=\"wp-block-image\"><figure class=\"aligncenter\"><img loading=\"lazy\" decoding=\"async\" width=\"365\" height=\"264\" src=\"https:\/\/pdkulle.de\/wp-content\/uploads\/tussi1-1.jpg\" alt=\"Tussi und Merkel\" class=\"wp-image-762\" srcset=\"https:\/\/baerdel.de\/maerchen\/wp-content\/uploads\/tussi1-1.jpg 365w, https:\/\/baerdel.de\/maerchen\/wp-content\/uploads\/tussi1-1-300x217.jpg 300w\" sizes=\"auto, (max-width: 365px) 100vw, 365px\" \/><\/figure><\/div>\n\n\n\n<p class=\"wp-block-paragraph\"><em>\u201eHallo, Stinker!\u201c begr\u00fc\u00dft Tussi ihn. \u201eOder besser: Lieblingsstinker! Von der ganzen B\u00e4renbrut kannst Du mit Abstand am besten denken, deshalb sch\u00e4tze ich Dich besonders.\u201c<\/em><\/p>\n\n\n\n<p class=\"wp-block-paragraph\"><em>\u201eVom Denken kriegt man Beulen,\u201c brummt Kulle.<\/em><\/p>\n\n\n\n<p class=\"wp-block-paragraph\"><em>\u201eH\u00e4?\u201c quakt Tussi.&nbsp;<\/em><\/p>\n\n\n\n<p class=\"wp-block-paragraph\"><em>\u201eWer denkt, ist links. Wer links ist, demonstriert. Wer demonstriert, kriegt von der Polizei Pr\u00fcgel. von Pr\u00fcgel kriegt man Beulen. Also kriegt man vom Denken Beulen.\u201c<\/em><\/p>\n\n\n\n<p class=\"wp-block-paragraph\"><em>\u201eGef\u00e4llt mir. Kannte ich noch nicht.\u201c<\/em><\/p>\n\n\n\n<p class=\"wp-block-paragraph\"><em>\u201eIst von Dietrich Kittner.\u201c<\/em><\/p>\n\n\n\n<p class=\"wp-block-paragraph\"><em>\u201eKenne ich auch nicht.\u201c<\/em><\/p>\n\n\n\n<p class=\"wp-block-paragraph\"><em>\u201eSchade. Wirst Du nicht kennenlernen. Ist schon tot.\u201c<\/em><\/p>\n\n\n\n<p class=\"wp-block-paragraph\"><em>\u201eIch will nicht, dass Du auch bald tot bist. Beulen hast Du nicht, aber schon ziemlich viele L\u00f6cher im Fell. Und in Deinen Organen. Ich verpasse Dir eine Neuinkarnation, damit Du B\u00e4renleben und mir noch lange erhalten bleibst und den Menschen weiterhin den Spiegel vorh\u00e4ltst. Vielleicht gucken sie eines Tages ja tats\u00e4chlich rein, obwohl ich das nicht glaube. Okay?\u201c<\/em><\/p>\n\n\n\n<p class=\"wp-block-paragraph\">\u201e<em>Aber\u2026\u201c<\/em><\/p>\n\n\n\n<p class=\"wp-block-paragraph\"><em>\u201eDamit wir uns richtig verstehen, Stinker: Das war keine echte Frage. Finde Dich einfach damit ab!\u201c<\/em><\/p>\n\n\n\n<p class=\"wp-block-paragraph\">\u201eSo war das also! Ich glaube Dir jedes Wort. Mit mir hat Tussi leider schon lange nicht mehr gesprochen, aber die B\u00e4renlebener werden sich freuen zu h\u00f6ren, dass sie sich noch in unser Leben einmischt. Heute Abend wirst Du in der H\u00f6hle der Star sein, und schon Morgen wird niemand, der Dich sieht, bezweifeln, dass Du Kulle bist.\u201c<\/p>\n\n\n\n<p class=\"wp-block-paragraph\">Kulle war sich da nicht so sicher, aber was blieb ihm anderes \u00fcbrig?<\/p>\n\n\n\n<p class=\"wp-block-paragraph\">September 2018<br \/><\/p>\n","protected":false},"excerpt":{"rendered":"<p>Kulle kam aus der H\u00f6hle, rieb sich den B\u00e4rendreck aus den Augen und begr\u00fc\u00dfte B\u00e4rdel, der bereits auf ihn wartete, mit einem heiteren \u201eGuten Morgen\u201c. Ohne sich umzudrehen, gab B\u00e4rdel den Gru\u00df zur\u00fcck; er hatte seinen besten Freund an der Stimme erkannt. Na und Nuk, die sich ebenfalls zum Morgenspaziergang eingefunden hatten, z\u00f6gerten dagegen.&nbsp; \u201eGuten&hellip; <a class=\"more-link\" href=\"https:\/\/baerdel.de\/maerchen\/2018\/10\/kulles-verwandlung\/\"><span class=\"screen-reader-text\">Kulles Verwandlung<\/span> weiterlesen<\/a><\/p>\n","protected":false},"author":1,"featured_media":935,"comment_status":"closed","ping_status":"closed","sticky":false,"template":"","format":"standard","meta":{"_crdt_document":"","footnotes":""},"categories":[5,9,15],"tags":[],"class_list":["post-944","post","type-post","status-publish","format-standard","has-post-thumbnail","hentry","category-baerdel3","category-kulle3-2","category-psychobio","entry"],"_links":{"self":[{"href":"https:\/\/baerdel.de\/maerchen\/wp-json\/wp\/v2\/posts\/944","targetHints":{"allow":["GET"]}}],"collection":[{"href":"https:\/\/baerdel.de\/maerchen\/wp-json\/wp\/v2\/posts"}],"about":[{"href":"https:\/\/baerdel.de\/maerchen\/wp-json\/wp\/v2\/types\/post"}],"author":[{"embeddable":true,"href":"https:\/\/baerdel.de\/maerchen\/wp-json\/wp\/v2\/users\/1"}],"replies":[{"embeddable":true,"href":"https:\/\/baerdel.de\/maerchen\/wp-json\/wp\/v2\/comments?post=944"}],"version-history":[{"count":1,"href":"https:\/\/baerdel.de\/maerchen\/wp-json\/wp\/v2\/posts\/944\/revisions"}],"predecessor-version":[{"id":1095,"href":"https:\/\/baerdel.de\/maerchen\/wp-json\/wp\/v2\/posts\/944\/revisions\/1095"}],"wp:featuredmedia":[{"embeddable":true,"href":"https:\/\/baerdel.de\/maerchen\/wp-json\/"}],"wp:attachment":[{"href":"https:\/\/baerdel.de\/maerchen\/wp-json\/wp\/v2\/media?parent=944"}],"wp:term":[{"taxonomy":"category","embeddable":true,"href":"https:\/\/baerdel.de\/maerchen\/wp-json\/wp\/v2\/categories?post=944"},{"taxonomy":"post_tag","embeddable":true,"href":"https:\/\/baerdel.de\/maerchen\/wp-json\/wp\/v2\/tags?post=944"}],"curies":[{"name":"wp","href":"https:\/\/api.w.org\/{rel}","templated":true}]}}