{"id":790,"date":"2018-05-02T19:26:19","date_gmt":"2018-05-02T17:26:19","guid":{"rendered":"https:\/\/baerdel.de\/maerchen\/?p=790"},"modified":"2019-11-17T14:20:03","modified_gmt":"2019-11-17T12:20:03","slug":"zoon-politikon","status":"publish","type":"post","link":"https:\/\/baerdel.de\/maerchen\/2018\/05\/zoon-politikon\/","title":{"rendered":"Zoon Politikon"},"content":{"rendered":"\n<h2 class=\"wp-block-heading\">Kulle<\/h2>\n\n\n\n<div align=\"center\"><figure><img loading=\"lazy\" decoding=\"async\" src=\"https:\/\/baerdel.de\/maerchen\/wp-content\/uploads\/eisbaerenfamilie.jpg\" alt=\"Eisb\u00e4renfamilie\" width=\"600\" height=\"450\"\/><\/figure><\/div>\n\n\n\n<p class=\"has-drop-cap wp-block-paragraph\">&#8222;Onkel Kulle, Onkel B\u00e4rdel, kennt Ihr schon den neuesten Eisb\u00e4renwitz?\u201c<\/p>\n\n\n\n<p class=\"wp-block-paragraph\">B\u00e4rdel wie auch Kulle glaubten, alle Eisb\u00e4renwitze zu kennen, aber nat\u00fcrlich wollten sie die fr\u00f6hlichen Eisb\u00e4renzwillinge nicht entt\u00e4uschen, schon gar nicht an einem wundersch\u00f6nen Aprilmorgen wie diesem.<\/p>\n\n\n\n<p class=\"wp-block-paragraph\">Also sagte B\u00e4rdel, und er legte viel gespannte Erwartung in seine Stimme: &#8222;Nein, bestimmt nicht. Erz\u00e4hlt doch mal!\u201c<\/p>\n\n\n\n<p class=\"wp-block-paragraph\">Na fing an: Es war einmal ein Eisb\u00e4renkind, das fragte seine Mutter: \u201cBist Du wirklich eine echte Eisb\u00e4rin?\u201c<\/p>\n\n\n\n<p class=\"wp-block-paragraph\">Nuk fuhr fort: &#8222;Aber selbstverst\u00e4ndlich. Und Dein Vater und Eure Gro\u00dfeltern sind auch echte Eisb\u00e4ren. Warum fragst Du \u00fcberhaupt?\u201c<\/p>\n\n\n\n<p class=\"wp-block-paragraph\">Nanuk schauten B\u00e4rdel und Kulle erwartungsvoll an. &#8222;Gleich kommt die Pointe. Habt Ihr eine Ahnung?\u201c<\/p>\n\n\n\n<p class=\"wp-block-paragraph\">&#8222;Nein!\u201c Die beiden alten B\u00e4ren logen, so gut sie konnten.<\/p>\n\n\n\n<p class=\"wp-block-paragraph\">&#8222;Mir ist so kalt!\u201c sagten die Zwillinge unisono.<\/p>\n\n\n\n<div align=\"center\"><figure><img loading=\"lazy\" decoding=\"async\" src=\"https:\/\/baerdel.de\/maerchen\/wp-content\/uploads\/nanuk.jpg\" alt=\"Na und Nuk\" width=\"400\" height=\"300\"\/><\/figure><\/div>\n\n\n\n<p class=\"wp-block-paragraph\">B\u00e4rdel und Kulle lachten pflichtschuldigst, aber nicht \u00fcberzeugend genug.<\/p>\n\n\n\n<p class=\"wp-block-paragraph\">&#8222;Ihr kanntet den Witz schon! Ihr seid gemein! Aber der Witz ist trotzdem gut, oder?\u201c<\/p>\n\n\n\n<p class=\"wp-block-paragraph\">&#8222;Der Witz ist trotzdem gut, ja. Denn er nimmt eine \u00fcberraschende Wendung, was einen ordentlichen Witz auszeichnet, und er transportiert dazu noch eine Wahrheit statt eines Vorurteils, was die meisten schlechten Witze auszeichnet.\u201c<\/p>\n\n\n\n<p class=\"wp-block-paragraph\">&#8222;Eine Wahrheit, Onkel B\u00e4rdel? Welche denn?\u201c<\/p>\n\n\n\n<div align=\"center\"><figure><img loading=\"lazy\" decoding=\"async\" src=\"https:\/\/baerdel.de\/maerchen\/wp-content\/uploads\/baerd3.jpg\" alt=\"Baerdel\" width=\"320\" height=\"240\"\/><\/figure><\/div>\n\n\n\n<p class=\"wp-block-paragraph\">&#8222;Das Eisb\u00e4rkind in dem Witz friert, und das geh\u00f6rt sich nicht f\u00fcr ein Tier, das ein Fell mit hervorragender W\u00e4rmed\u00e4mmung besitzt. Es hat Angst, nicht dazu zu geh\u00f6ren.\u201c<\/p>\n\n\n\n<p class=\"wp-block-paragraph\">&#8222;Warum ist es wichtig, dazu zu geh\u00f6ren?\u201c<\/p>\n\n\n\n<p class=\"wp-block-paragraph\">B\u00e4rdel seufzte. Warum konnte er nicht einfach auf seinem Morgenspaziergang den Fr\u00fchling genie\u00dfen, statt sich mit \u00fcberraschenden Grundsatzfragen konfrontiert zu sehen?<\/p>\n\n\n\n<p class=\"wp-block-paragraph\">Kulle dagegen war in seinem intellektuellen Element: &#8222;Was Wirbeltiere angeht, so kenne ich mich bei Reptilien, Amphibien, Fischen und V\u00f6geln nicht sonderlich aus. Bei den meisten S\u00e4ugetieren ist Gruppenbildung zu beobachten. Nehmt uns, die B\u00e4ren \u2013 nur die ignoranten menschlichen Biologen behaupten, wir seien Einzelg\u00e4nger. Die waren halt nie in B\u00e4renleben!\u201c<\/p>\n\n\n\n<div align=\"center\"><figure><img loading=\"lazy\" decoding=\"async\" src=\"https:\/\/baerdel.de\/maerchen\/wp-content\/uploads\/kulle6.jpg\" alt=\"Kulle\" width=\"440\" height=\"330\"\/><\/figure><\/div>\n\n\n\n<p class=\"wp-block-paragraph\">&#8222;Und das ist auch gut so!\u201c brummte B\u00e4rdel.<\/p>\n\n\n\n<p class=\"wp-block-paragraph\">&#8222;Sind denn die Menschen Einzelg\u00e4nger oder Gruppeng\u00e4nger?\u201c wollte Nuk wissen.<\/p>\n\n\n\n<p class=\"wp-block-paragraph\">&#8222;Die Menschen sind gesellige Tiere, wie wir auch. Fr\u00fcher, in der Menschenkindheit, haben sie auch gelebt wie wir, in Gruppen, die die Anthropologen beliebig mal als Stamm, Horde, Gro\u00dffamilie, Clan oder Sippe bezeichnen. Wie auch immer man dieses Zusammenleben nennt: Alle Mitglieder waren ranggleich, es gab keine oder eine gering ausgepr\u00e4gte Arbeitsteilung, es gab keinen nennenswerten individuellen Besitz. Jeder tr\u00e4gt unter solchen Bedingungen zum Wohl der Gemeinschaft bei, so gut er kann.\u201c<\/p>\n\n\n\n<p class=\"wp-block-paragraph\">&#8222;Ich wei\u00df ja, dass die Menschen nicht sonderlich intelligent sind, aber wie dumm muss man sein, um so sch\u00f6ne Lebensbedingungen aufzugeben?\u201c Das war Na, die selten an Selbstzweifeln litt.<\/p>\n\n\n\n<div align=\"center\"><figure><img loading=\"lazy\" decoding=\"async\" src=\"https:\/\/baerdel.de\/maerchen\/wp-content\/uploads\/naklein.jpg\" alt=\"Na\" width=\"800\" height=\"600\"\/><\/figure><\/div>\n\n\n\n<p class=\"wp-block-paragraph\">&#8222;Die st\u00e4ndige Fortentwicklung der Produktionsmittel f\u00fchrt zur H\u00f6herentwicklung der Produktionsverh\u00e4ltnisse, damit verbunden aber auch notwenig der Ausbildung von Klassen, wobei die Expropriateure darauf bedacht sind&#8230;\u201c<\/p>\n\n\n\n<p class=\"wp-block-paragraph\">Ein Blick in verst\u00e4ndnislose Kinderaugen lie\u00df Kulle verlegen innehalten. &#8222;Also&#8220;, sagte er, &#8222;nach einer gewissen Zeit wurde eine Gruppe von Menschen reicher als die anderen, und die Reichen wollten ihren Besitz behalten. Die M\u00e4nner unterwarfen dazu die Frauen und zwangen sie, nur mit einem von ihnen Geschlechtsverkehr zu haben, so dass sie sicher sein konnten, dass sie die V\u00e4ter der Kinder waren, die die Frauen zur Welt brachten. Besonders fiese M\u00e4nner erfanden die Regel, dass alle so zu leben hatten, auch die Armen, und damit die Vorschrift befolgt wurde, behaupteten sie, sie sei von einem Gott gegeben, der alle bestrafen w\u00fcrde, die sie verletzen, vielleicht schon in ihrem Leben auf der Erde, ganz sicher aber im ewigen Dasein nach dem Tod.\u201c<\/p>\n\n\n\n<p class=\"wp-block-paragraph\">&#8222;Und das hat funktioniert? Die Erfindung der Religion?\u201c fragten Nanuk ungl\u00e4ubig.<\/p>\n\n\n\n<p class=\"wp-block-paragraph\">&#8222;Das hat funktioniert, denn Arme und Reiche, Frauen und M\u00e4nner wollten zu den Guten, Gerechten geh\u00f6ren und nicht zu den Schlechten, Verdammten.&#8220;<\/p>\n\n\n\n<p class=\"wp-block-paragraph\">&#8222;Lange?\u201c<\/p>\n\n\n\n<p class=\"wp-block-paragraph\">&#8222;Sehr lange. In vielen Gegenden der Welt funktioniert es immer noch.\u201c<\/p>\n\n\n\n<p class=\"wp-block-paragraph\">&#8222;Aber in Dehland spielt das Christentum inzwischen eine immer geringere Rolle, richtig?\u201c<\/p>\n\n\n\n<p class=\"wp-block-paragraph\">&#8222;Richtig, Nuk!\u201c sagte B\u00e4rdel. &#8222;Vielleicht ist es Dir nicht aufgefallen: Du hast gerade ein Beispiel f\u00fcr eine andere Einrichtung genannt, zu der Menschen geh\u00f6ren m\u00fcssen oder sollen oder k\u00f6nnen oder wollen.\u201c<\/p>\n\n\n\n<p class=\"wp-block-paragraph\">&#8222;Hmm,\u201c machte Nuk verlegen, weil ihr des R\u00e4tsels L\u00f6sung nicht sofort einfiel.<\/p>\n\n\n\n<p class=\"wp-block-paragraph\">&#8222;Der Staat nat\u00fcrlich, nicht wahr, Onkel B\u00e4rdel?\u201c Na warf ihrer Schwester einen gemeinen Blick zu, w\u00e4hrend sie B\u00e4rdel und Kulle honigs\u00fc\u00df anl\u00e4chelte.<\/p>\n\n\n\n<p class=\"wp-block-paragraph\">&#8222;Ja, der Staat. Menschen k\u00f6nnen ihn sich nicht aussuchen. In der Regel werden sie B\u00fcrger eines Staates, wenn sie in ihm geboren worden sind. In manchen Staaten ist das ein Fluch, zum Beispiel in Afghanistan, im Jemen, in Syrien. In anderen Staaten ist das dagegen ein Segen, zum Beispiel in Dehland, denn es gibt Versicherungen f\u00fcr alle, zum Beispiel gegen Krankheitskosten, und wer finanziell nicht f\u00fcr sich selbst sorgen kann, bekommt Geld vom Staat, wenn es auch nicht viel ist.\u201c<\/p>\n\n\n\n<p class=\"wp-block-paragraph\">&#8222;Ist der Staat in Dehland also nett?\u201c erkundigte sich Na.<\/p>\n\n\n\n<p class=\"wp-block-paragraph\">&#8222;Politik, kleine Schwester, ist Handeln zur Durchsetzung von Interessen. Das haben wir bei Tante Atti und Onkel Kulle gelernt. Mit Nettigkeit hat das nichts zu tun. Du hast wohl wieder mal nicht aufgepasst, was?\u201c<\/p>\n\n\n\n<p class=\"wp-block-paragraph\">Die Rache war gelungen. Die Haut rund um Nas Nase wurde rosarot. Sie sch\u00e4mte sich.<\/p>\n\n\n\n<p class=\"wp-block-paragraph\">&#8222;Aber etwas verstehe ich nicht. Warum bezahlt der Staat das alles?\u201c<\/p>\n\n\n\n<p class=\"wp-block-paragraph\">B\u00e4rdel pfl\u00fcckte sich eine gro\u00dfe Portion L\u00f6wenzahnbl\u00e4tter und stopfte sie sich in den Mund, bevor er antwortete. Er wollte nicht zulassen, dass die Kinder sein Morgenvergn\u00fcgen v\u00f6llig ruinierten.<\/p>\n\n\n\n<div align=\"center\"><figure><img loading=\"lazy\" decoding=\"async\" src=\"https:\/\/baerdel.de\/maerchen\/wp-content\/uploads\/loewenzahn.jpg\" alt=\"Loewenzahn\" width=\"640\" height=\"480\"\/><\/figure><\/div>\n\n\n\n<p class=\"wp-block-paragraph\">&#8222;Es ist ein weit verbreiteter Irrtum, dass der Staat alles bezahlt. Tats\u00e4chlich verteilt er nur Gelder um, die die B\u00fcrger ihm zur Verf\u00fcgung stellen mussten, indem sie Steuern zahlten. Aber B\u00fcrger, die denken, dass der Staat f\u00fcr sie sorgt, tun, was sie sollen, ohne zu widersprechen oder sich gar aufzulehnen.Sie funktionieren, gehen brav arbeiten, finden es normal, dass die Unternehmen nicht ihnen geh\u00f6ren, sondern Aktion\u00e4ren, und w\u00e4hlen alle paar Jahre die politischen Parteien, die ihnen in ihren Augen so viele Wohltaten zukommen lassen.\u201c<\/p>\n\n\n\n<p class=\"wp-block-paragraph\">&#8222;Ich hab\u2019s doch vorhin schon gesagt: Menschen sind dumm!\u2018\u201c Na hatte sich schnell wieder von ihrer Blamage erholt. &#8222;Mir f\u00e4llt \u00fcbrigens noch eine Gruppe ein, zu der Menschen dazugeh\u00f6ren wollen: Soziale Netzwerke.\u201c<\/p>\n\n\n\n<p class=\"wp-block-paragraph\">Das war das richtige Stichwort, um Kulle zornig zu machen. Aber er verzichtete darauf, wieder einen schwer verst\u00e4ndlichen wissenschaftlichen Vortrag zu beginnen. P\u00e4dagogik war gefragt.<\/p>\n\n\n\n<p class=\"wp-block-paragraph\">&#8222;Du hast recht, kleine Na. Eine Milliarde und f\u00fcnfhundert Millionen Menschen sind zum Beispiel bei Facebook aktiv, und es w\u00e4ren noch viel mehr, wenn man sie lie\u00dfe, aber in vielen L\u00e4ndern ist es verboten. Lasst uns mal nachdenken, warum Facebook so erfolgreich ist! Ein paar Antworten sollten uns einfallen.\u201c<\/p>\n\n\n\n<p class=\"wp-block-paragraph\">Mit uns\u2018 meinte Kulle nat\u00fcrlich die Kinder, und die entt\u00e4uschten ihn nicht.<\/p>\n\n\n\n<p class=\"wp-block-paragraph\">&#8222;1,5 Milliarden Menschen \u2013 das ist so eine gro\u00dfe Gruppe! Wenn man dazu geh\u00f6rt, kann man einfach nichts falsch machen!\u201c<\/p>\n\n\n\n<p class=\"wp-block-paragraph\">&#8222;Jeder kann etwas m\u00f6gen oder auch nicht, jeder kann etwas posten: Jeder einzelne hat das Gef\u00fchl, wichtig zu sein!\u201c<\/p>\n\n\n\n<p class=\"wp-block-paragraph\">&#8222;Man kann viele Freunde haben.\u201c<\/p>\n\n\n\n<p class=\"wp-block-paragraph\">&#8222;Man bekommt nur Sachen mitgeteilt, die der eigenen Meinung entsprechen. Man braucht sich also nicht \u00fcber entgegengesetzten Ansichten zu \u00e4rgern.\u201c<\/p>\n\n\n\n<p class=\"wp-block-paragraph\">Die Zwillinge sahen Kulle erwartungsvoll an und bekamen auch das Lob, das sie verdienten.<\/p>\n\n\n\n<p class=\"wp-block-paragraph\">&#8222;Sehr richtig, Ihr Beiden. Aber lasst uns noch ein bisschen grunds\u00e4tzlicher nachdenken.\u201c<\/p>\n\n\n\n<p class=\"wp-block-paragraph\">Nanuk strahlten. Nachdenken war ihr zweitliebster Sport, gleich nach dem Herumtollen im Dorfteich.<\/p>\n\n\n\n<p class=\"wp-block-paragraph\">&#8222;Au fein!\u201c<\/p>\n\n\n\n<p class=\"wp-block-paragraph\">&#8222;Facebook ist ein kapitalistisches Unternehmen. Im Kapitalismus werden Waren getauscht. Waren haben einen Tauschwert und einen Gebrauchswert. Der K\u00e4ufer einer Ware ist am Gebrauchswert interessiert, der Verk\u00e4ufer am Tauschwert. Der Tauschwert wird in der Regel im Preis ausgedr\u00fcckt, also in Geld. Soweit alles klar?\u201c<\/p>\n\n\n\n<p class=\"wp-block-paragraph\">Die Kinder nickten ein wenig herablassend. Nat\u00fcrlich war das klar.<\/p>\n\n\n\n<p class=\"wp-block-paragraph\">&#8222;Die Mitgliedschaft bei Facebook ist aber kostenlos. Welchen Preis zahlen die Nutzer an Mark Zuckerberg?\u201c<\/p>\n\n\n\n<p class=\"wp-block-paragraph\">Das war eine h\u00e4rtere Nuss, an der die beiden durchaus zu knabbern hatten. Sie tuschelten miteinander. Das war typisch: Wenn sie beide herausgefordert wurden, hielten sie zusammen wie Pech und Schwefel.<\/p>\n\n\n\n<p class=\"wp-block-paragraph\">&#8222;Wir glauben, Onkel Kulle, dass Facebook viel \u00fcber seine Mitglieder erf\u00e4hrt. Und vielleicht kann Mark Zuckerberg diese Informationen verkaufen, an andere verkaufen, an Unternehmen oder politische Parteien vielleicht, und bekommt so seinen Tauschwert. Auf einem Umweg, sozusagen.\u201c Nuk sprach langsam und stockend. Na, die sonst so vorlaute, hatte ihre \u00e4ltere Schwester vorgeschickt. So konnte sie selbst in der Deckung bleiben. Aber die Vorsicht war \u00fcberfl\u00fcssig. Kulle war voll des Lobes, und auch B\u00e4rdel wiegte anerkennend den Kopf, obwohl er haupts\u00e4chlich mit der n\u00e4chsten Portion L\u00f6wenzahn besch\u00e4ftigt war.<\/p>\n\n\n\n<p class=\"wp-block-paragraph\">&#8222;Gut gedacht! Es bleibt aber noch eine zweite Frage: Welche Gebrauchswert hat Facebook f\u00fcr die Nutzer?\u201c<\/p>\n\n\n\n<p class=\"wp-block-paragraph\">Als die Kinder nicht gleich antworteten, gab er ihnen einen Tipp: &#8222;Denkt an Eure Antworten vorhin: Warum ist Facebook so erfolgreich?\u201c<\/p>\n\n\n\n<p class=\"wp-block-paragraph\">&#8222;Die Mitglieder haben ein gutes Gef\u00fchl!\u201c sagten Na und Nuk gleichzeitig und brachten ihre Aussagen damit auf den Punkt.<\/p>\n\n\n\n<p class=\"wp-block-paragraph\">&#8222;Hmmm,\u201c brummte B\u00e4rdel mit vollem Mund, und nachdem er seine Kr\u00e4uterportion hinuntergeschluckt hatte, meinte er: &#8222;Noch wichtiger ist: Niemand langweilt sich mehr. Facebook ist die beste Verdummungs- und Zeittotschlagsmaschine, die je erfunden wurde.\u201c<\/p>\n\n\n\n<p class=\"wp-block-paragraph\">Kulle beendete das Gespr\u00e4ch: &#8222;Der gr\u00f6\u00dfte Euphemismus dabei ist die Bezeichnung soziale Netzwerke\u2018. Facebook sollte besser Zuckerbergs Spinnennetz\u2018 hei\u00dfen.\u201c<\/p>\n\n\n\n<p class=\"wp-block-paragraph\">Dar\u00fcber mussten die Zwillinge erst mal nachdenken.<\/p>\n\n\n\n<p class=\"wp-block-paragraph\">Mai 2018<\/p>\n","protected":false},"excerpt":{"rendered":"<p>Kulle &#8222;Onkel Kulle, Onkel B\u00e4rdel, kennt Ihr schon den neuesten Eisb\u00e4renwitz?\u201c B\u00e4rdel wie auch Kulle glaubten, alle Eisb\u00e4renwitze zu kennen, aber nat\u00fcrlich wollten sie die fr\u00f6hlichen Eisb\u00e4renzwillinge nicht entt\u00e4uschen, schon gar nicht an einem wundersch\u00f6nen Aprilmorgen wie diesem. Also sagte B\u00e4rdel, und er legte viel gespannte Erwartung in seine Stimme: &#8222;Nein, bestimmt nicht. Erz\u00e4hlt doch&hellip; <a class=\"more-link\" href=\"https:\/\/baerdel.de\/maerchen\/2018\/05\/zoon-politikon\/\"><span class=\"screen-reader-text\">Zoon Politikon<\/span> weiterlesen<\/a><\/p>\n","protected":false},"author":1,"featured_media":0,"comment_status":"closed","ping_status":"closed","sticky":false,"template":"","format":"standard","meta":{"_crdt_document":"","footnotes":""},"categories":[10,5,9,17],"tags":[],"class_list":["post-790","post","type-post","status-publish","format-standard","hentry","category-baerdel","category-baerdel3","category-kulle3-2","category-politische-marginalien","entry"],"_links":{"self":[{"href":"https:\/\/baerdel.de\/maerchen\/wp-json\/wp\/v2\/posts\/790","targetHints":{"allow":["GET"]}}],"collection":[{"href":"https:\/\/baerdel.de\/maerchen\/wp-json\/wp\/v2\/posts"}],"about":[{"href":"https:\/\/baerdel.de\/maerchen\/wp-json\/wp\/v2\/types\/post"}],"author":[{"embeddable":true,"href":"https:\/\/baerdel.de\/maerchen\/wp-json\/wp\/v2\/users\/1"}],"replies":[{"embeddable":true,"href":"https:\/\/baerdel.de\/maerchen\/wp-json\/wp\/v2\/comments?post=790"}],"version-history":[{"count":4,"href":"https:\/\/baerdel.de\/maerchen\/wp-json\/wp\/v2\/posts\/790\/revisions"}],"predecessor-version":[{"id":1169,"href":"https:\/\/baerdel.de\/maerchen\/wp-json\/wp\/v2\/posts\/790\/revisions\/1169"}],"wp:attachment":[{"href":"https:\/\/baerdel.de\/maerchen\/wp-json\/wp\/v2\/media?parent=790"}],"wp:term":[{"taxonomy":"category","embeddable":true,"href":"https:\/\/baerdel.de\/maerchen\/wp-json\/wp\/v2\/categories?post=790"},{"taxonomy":"post_tag","embeddable":true,"href":"https:\/\/baerdel.de\/maerchen\/wp-json\/wp\/v2\/tags?post=790"}],"curies":[{"name":"wp","href":"https:\/\/api.w.org\/{rel}","templated":true}]}}