{"id":588,"date":"2017-09-15T19:09:29","date_gmt":"2017-09-15T17:09:29","guid":{"rendered":"https:\/\/baerdel.de\/maerchen\/?p=588"},"modified":"2019-11-17T14:40:24","modified_gmt":"2019-11-17T12:40:24","slug":"frustration","status":"publish","type":"post","link":"https:\/\/baerdel.de\/maerchen\/2017\/09\/frustration\/","title":{"rendered":"Frustration"},"content":{"rendered":"\n<p class=\"wp-block-paragraph\">\u201eGuten Morgen!\u201c B\u00e4rdel begr\u00fc\u00dfte seinen Freund und r\u00e4kelte sich wohlig nach einem geruhsamen Nachtschlaf. \u201eWas h\u00e4ltst Du von unserem \u00fcblichen Morgenspaziergang?\u201c<\/p>\n\n\n\n<div align=\"center\"><figure><img loading=\"lazy\" decoding=\"async\" src=\"http:\/\/www.baerdel.de\/baerdel\/kullebaerdelneben.jpg\" alt=\"Kulle und B\u00e4rdel\" width=\"640\" height=\"480\"\/><\/figure><\/div>\n\n\n\n<p class=\"wp-block-paragraph\">Die Frage war lediglich rhetorisch. B\u00e4rdels und Kulles Morgenspazierg\u00e4nge waren ein Ritual, das nicht in Frage gestellt wurde. Sie fanden immer statt. Variabel war lediglich die Zahl der weiteren Teilnehmer. Sie begann bei Null und war nach oben offen.<\/p>\n\n\n\n<p class=\"wp-block-paragraph\">\u201eIch will nicht. Geh allein!\u201c grunzte Kulle.<\/p>\n\n\n\n<p class=\"wp-block-paragraph\">Die ungewohnte Antwort beendete B\u00e4rdels entspannte Stimmung abrupt.<\/p>\n\n\n\n<p class=\"wp-block-paragraph\">\u201eBist Du krank?\u201c fragte er besorgt. Ein anderer Grund f\u00fcr Kulles Verweigerung kam ihm nicht in den Kopf.<\/p>\n\n\n\n<p class=\"wp-block-paragraph\">\u201eVermutlich.\u201c<\/p>\n\n\n\n<p class=\"wp-block-paragraph\">\u201eHast Du Fieber?\u201c<\/p>\n\n\n\n<p class=\"wp-block-paragraph\">\u201eWohl nicht.\u201c<\/p>\n\n\n\n<p class=\"wp-block-paragraph\">\u201eSchmerzen?\u201c<\/p>\n\n\n\n<p class=\"wp-block-paragraph\">\u201eNein.\u201c<\/p>\n\n\n\n<p class=\"wp-block-paragraph\">\u201eDann bist Du auch nicht\u2026.\u201c<\/p>\n\n\n\n<p class=\"wp-block-paragraph\">\u201eDann bist Du also traurig?\u201c Tumu hatte ihren unsensiblen Mann gerade noch unterbrechen k\u00f6nnen.<\/p>\n\n\n\n<figure class=\"wp-block-image size-large\"><img loading=\"lazy\" decoding=\"async\" width=\"1024\" height=\"905\" src=\"https:\/\/baerdel.de\/maerchen\/wp-content\/uploads\/brunotumu-1024x905.jpg\" alt=\"\" class=\"wp-image-1175\" srcset=\"https:\/\/baerdel.de\/maerchen\/wp-content\/uploads\/brunotumu-1024x905.jpg 1024w, https:\/\/baerdel.de\/maerchen\/wp-content\/uploads\/brunotumu-300x265.jpg 300w, https:\/\/baerdel.de\/maerchen\/wp-content\/uploads\/brunotumu-768x679.jpg 768w, https:\/\/baerdel.de\/maerchen\/wp-content\/uploads\/brunotumu-1536x1358.jpg 1536w, https:\/\/baerdel.de\/maerchen\/wp-content\/uploads\/brunotumu-2048x1810.jpg 2048w, https:\/\/baerdel.de\/maerchen\/wp-content\/uploads\/brunotumu-1200x1061.jpg 1200w, https:\/\/baerdel.de\/maerchen\/wp-content\/uploads\/brunotumu-1980x1750.jpg 1980w\" sizes=\"auto, (max-width: 1024px) 100vw, 1024px\" \/><\/figure>\n\n\n\n<p class=\"wp-block-paragraph\">\u201eJa.\u201c<\/p>\n\n\n\n<p class=\"wp-block-paragraph\">Tumu nahm Kulle in ihre starken Arme. \u201eMagst Du dar\u00fcber sprechen?\u201c<\/p>\n\n\n\n<p class=\"wp-block-paragraph\">\u201eEigentlich nicht.\u201c<\/p>\n\n\n\n<p class=\"wp-block-paragraph\">\u201eVersuch\u2019s trotzdem!\u201c<\/p>\n\n\n\n<p class=\"wp-block-paragraph\">\u201eIch kann nicht!\u201c<\/p>\n\n\n\n<p class=\"wp-block-paragraph\">Atti dr\u00e4ngelte sich resolut dazwischen. \u201eDanke f\u00fcr Deine Intervention. Aber ich \u00fcbernehme jetzt besser. Ich habe den jungen Mann schon mal aus einer gef\u00e4hrlichen Situation gerettet, in der er sich zu weit vorgewagt hatte. Lasst uns bitte allein!\u201c<\/p>\n\n\n\n<p class=\"wp-block-paragraph\">B\u00e4rdel und Tumu gehorchten, und Athabasca rumorte noch ein wenig umher, obwohl es nichts zu rumoren gab, aber sie wollte Kulle Zeit geben und die Sicherheit, dass niemand sie mehr belauschte.<\/p>\n\n\n\n<p class=\"wp-block-paragraph\">Dann kuschelte sie sich an Kulle.<\/p>\n\n\n\n<div align=\"center\"><figure><img loading=\"lazy\" decoding=\"async\" src=\"http:\/\/www.baerdel.de\/baerdel\/Kulle+Atti2.jpg\" alt=\"Kulle und Atti\" width=\"640\" height=\"480\"\/><\/figure><\/div>\n\n\n\n<p class=\"wp-block-paragraph\">\u201eHast Dich ein bisschen \u00fcbernommen, was? Immer nur \u201epffffht\u201c oder so \u00e4hnlich als Ergebnis \u2013 das ist schwer auszuhalten, oder?\u201c<\/p>\n\n\n\n<p class=\"wp-block-paragraph\">\u201eDen Weltuntergang vorherzusagen ist gar nicht schwer, solange man die Gegenwart in die Zukunft prolongiert und daraus Armageddon schlussfolgert. Das ist reine Spekulation, das muss nicht eintreffen.\u201c<\/p>\n\n\n\n<p class=\"wp-block-paragraph\">\u201eWo ist dann das Problem?\u201c<\/p>\n\n\n\n<p class=\"wp-block-paragraph\">\u201eDas Problem ist, dass ich allein bin. Wann hast Du mich zum letzten Mal meine rote Fahne schwingen sehen? Das ist lange her. Eine rote Fahne braucht Revolution\u00e4re, und Revolution\u00e4re sind per definitionem klug, und weil es die nicht gibt, die Klugen, schwinge ich sie nicht mehr, die Fahne.\u201c<\/p>\n\n\n\n<p class=\"wp-block-paragraph\">Kulle schwieg, und Atti h\u00e4tte weiter fragen k\u00f6nnen, aber sie entschied sich daf\u00fcr abzuwarten.<\/p>\n\n\n\n<p class=\"wp-block-paragraph\">\u201eNat\u00fcrlich habe ich auf die Menschen gehofft, auch wenn ich verbatim immer auf sie eingedroschen habe. Ein paar B\u00e4ren k\u00f6nnen auf diesem Planeten keine Revolution anzetteln und erst recht nicht siegreich beenden. Das h\u00e4tte schon die herrschende Spezies erledigen m\u00fcssen. Die kann das aber nicht, das wei\u00df ich inzwischen.\u201c<\/p>\n\n\n\n<p class=\"wp-block-paragraph\">Atti blieb weiter stumm und schaute Kulle erwartungsvoll an.<\/p>\n\n\n\n<p class=\"wp-block-paragraph\">\u201eIch habe die Menschen oft genug angegriffen, das wei\u00dft Du, wegen ihrer Zukunftsignoranz. Wegen ihrer mangelnden F\u00e4higkeit, die Konsequenzen ihres Handelns zu \u00fcberblicken. Das betrifft \u00d6kologie, \u00d6konomie, Politik und Schlimmeres. Anders formuliert: Ich musste schmerzlich feststellen, dass Homo keinen Zukunftssinn hat. Also auch keine revolution\u00e4re Perspektive.\u201c<\/p>\n\n\n\n<p class=\"wp-block-paragraph\">Atti sch\u00fcttelte bedauernd den Kopf.<\/p>\n\n\n\n<p class=\"wp-block-paragraph\">\u201eWenn schon keine Zukunft, dann vielleicht begrenzte Dauer des status quo, dachte ich eine Zeit lang. Es ist ja nicht so, dass ich den Weltuntergang herbeireden will. Es ist ja nicht so, dass ich nicht gerne auf dieser Welt lebe. Aber\u2026\u201c<\/p>\n\n\n\n<p class=\"wp-block-paragraph\">\u201eAber wenn Du noch eine Weile auf dieser Welt leben m\u00f6chtest, darfst Du jetzt nicht verhungern. Wie w\u00e4re es mit einem kleinen Fr\u00fchst\u00fcck?\u201c<\/p>\n\n\n\n<p class=\"wp-block-paragraph\">Kulle lehnte nicht ab, was Atti erfreute, aber er stimmte auch nicht zu. \u201eSp\u00e4ter vielleicht.\u201c<\/p>\n\n\n\n<p class=\"wp-block-paragraph\">Sie wartete weiter.<\/p>\n\n\n\n<p class=\"wp-block-paragraph\">\u201eDas wirklich Schlimme ist, dass die Menschen auch keinen Vergangenheitssinn haben. Sie wissen schon, was in der Vergangenheit geschehen ist, und sie behaupten auch, aus der Geschichte lernen zu wollen. Aber sie sind unf\u00e4hig, Parallelen zwischen ihrem \u201eHeute\u201c und dem \u201eGestern\u201c zu erkennen.<\/p>\n\n\n\n<p class=\"wp-block-paragraph\">Die V\u00f6lkerwanderung hat zum Untergang des R\u00f6mischen Reiches gef\u00fchrt. Heute gibt es eine Fluchtbewegung aus Afrika und Asien nach Europa. \u00c4hnlichkeiten? Welche \u00c4hnlichkeiten?<\/p>\n\n\n\n<p class=\"wp-block-paragraph\">Nationalismus und Austerit\u00e4tspolitik in Folge des Ersten Weltkriegs haben die Welt in das Inferno des zweiten Weltkriegs gef\u00fchrt. Nationalismus? Austerit\u00e4tspolitik? Unangenehm, nun ja, aber was noch? Welche Parallelen?<\/p>\n\n\n\n<p class=\"wp-block-paragraph\">Mit dem Atombombenabwurf auf Hiroshima und Nagasaki haben die USA den Zweiten Weltkrieg mit Japan beenden k\u00f6nnen. Der gegenw\u00e4rtige amerikanische Pr\u00e4sident scheint bereit zu sein, einen Waffengang mit dem atomar bewaffneten Nordkorea auszutragen. Mit welchem Ergebnis?\u201c<\/p>\n\n\n\n<p class=\"wp-block-paragraph\">Kulle schluckte.<\/p>\n\n\n\n<p class=\"wp-block-paragraph\">\u201eWer keinen Vergangenheitssinn hat und auch keinen Zukunftssinn, der hat keinen M\u00f6glichkeitssinn. Der ist dumm. Der entscheidet dumm. Der sorgt f\u00fcr den Weltuntergang, den ich gar nicht herbeireden muss.\u201c<\/p>\n\n\n\n<p class=\"wp-block-paragraph\">\u201eFr\u00fchst\u00fcck? Jetzt?\u201c<\/p>\n\n\n\n<p class=\"wp-block-paragraph\">\u201eKeine schlechte Idee. Wir haben n\u00e4mlich Hunger.\u201c<\/p>\n\n\n\n<p class=\"wp-block-paragraph\">Nanuk tollten heran, unbeschwert, morgenfrisch, fr\u00f6hlich wie immer.<\/p>\n\n\n\n<p class=\"wp-block-paragraph\">\u201eTante Atti, Onkel Kulle, wir kennen einen neuen Witz, wollt ihr ihn h\u00f6ren?\u201c<\/p>\n\n\n\n<p class=\"wp-block-paragraph\">\u201eAber nat\u00fcrlich!\u201c sagte Atti, w\u00e4hrend sie ein Brombeersouffl\u00e9 vorbereitete.<\/p>\n\n\n\n<p class=\"wp-block-paragraph\">Nuk erz\u00e4hlte: \u201eEin Mensch springt vom Dach eines Hochhauses, das 100 Stockwerke hoch ist. Als er beim ersten Stockwerk von unten angekommen ist, sagt er: \u201aBis hierher ist ja alles gut gegangen.\u2018 Guter Witz, nicht?\u201c<\/p>\n\n\n\n<p class=\"wp-block-paragraph\">\u201eDas ist nicht komisch!\u201c Kulle br\u00fcllte so laut, wie ihn noch niemand in B\u00e4renleben hatte br\u00fcllen h\u00f6ren.<\/p>\n\n\n\n<p class=\"wp-block-paragraph\">Die Eisb\u00e4renzwillinge duckten sich erschrocken.<\/p>\n\n\n\n<p class=\"wp-block-paragraph\">\u201eAlles ist gut!\u201c beruhigte sie Atti. \u201eOnkel Kulle ist nur ein bisschen durcheinander. Das ist gleich vorbei. Es gibt nichts auf der Welt, was ein Brombeersouffl\u00e9 nicht reparieren k\u00f6nnte. Jedenfalls hier in B\u00e4renleben.\u201c<\/p>\n\n\n\n<p class=\"wp-block-paragraph\">September 2017<\/p>\n","protected":false},"excerpt":{"rendered":"<p>\u201eGuten Morgen!\u201c B\u00e4rdel begr\u00fc\u00dfte seinen Freund und r\u00e4kelte sich wohlig nach einem geruhsamen Nachtschlaf. \u201eWas h\u00e4ltst Du von unserem \u00fcblichen Morgenspaziergang?\u201c Die Frage war lediglich rhetorisch. B\u00e4rdels und Kulles Morgenspazierg\u00e4nge waren ein Ritual, das nicht in Frage gestellt wurde. Sie fanden immer statt. Variabel war lediglich die Zahl der weiteren Teilnehmer. Sie begann bei Null&hellip; <a class=\"more-link\" href=\"https:\/\/baerdel.de\/maerchen\/2017\/09\/frustration\/\"><span class=\"screen-reader-text\">Frustration<\/span> weiterlesen<\/a><\/p>\n","protected":false},"author":1,"featured_media":574,"comment_status":"closed","ping_status":"closed","sticky":false,"template":"","format":"standard","meta":{"_crdt_document":"","footnotes":""},"categories":[10,5],"tags":[],"class_list":["post-588","post","type-post","status-publish","format-standard","has-post-thumbnail","hentry","category-baerdel","category-baerdel3","entry"],"_links":{"self":[{"href":"https:\/\/baerdel.de\/maerchen\/wp-json\/wp\/v2\/posts\/588","targetHints":{"allow":["GET"]}}],"collection":[{"href":"https:\/\/baerdel.de\/maerchen\/wp-json\/wp\/v2\/posts"}],"about":[{"href":"https:\/\/baerdel.de\/maerchen\/wp-json\/wp\/v2\/types\/post"}],"author":[{"embeddable":true,"href":"https:\/\/baerdel.de\/maerchen\/wp-json\/wp\/v2\/users\/1"}],"replies":[{"embeddable":true,"href":"https:\/\/baerdel.de\/maerchen\/wp-json\/wp\/v2\/comments?post=588"}],"version-history":[{"count":3,"href":"https:\/\/baerdel.de\/maerchen\/wp-json\/wp\/v2\/posts\/588\/revisions"}],"predecessor-version":[{"id":1176,"href":"https:\/\/baerdel.de\/maerchen\/wp-json\/wp\/v2\/posts\/588\/revisions\/1176"}],"wp:featuredmedia":[{"embeddable":true,"href":"https:\/\/baerdel.de\/maerchen\/wp-json\/wp\/v2\/media\/574"}],"wp:attachment":[{"href":"https:\/\/baerdel.de\/maerchen\/wp-json\/wp\/v2\/media?parent=588"}],"wp:term":[{"taxonomy":"category","embeddable":true,"href":"https:\/\/baerdel.de\/maerchen\/wp-json\/wp\/v2\/categories?post=588"},{"taxonomy":"post_tag","embeddable":true,"href":"https:\/\/baerdel.de\/maerchen\/wp-json\/wp\/v2\/tags?post=588"}],"curies":[{"name":"wp","href":"https:\/\/api.w.org\/{rel}","templated":true}]}}