{"id":1529,"date":"2022-06-18T14:57:53","date_gmt":"2022-06-18T12:57:53","guid":{"rendered":"https:\/\/baerdel.de\/maerchen\/?p=1529"},"modified":"2022-06-18T14:57:55","modified_gmt":"2022-06-18T12:57:55","slug":"ukrainekrieg","status":"publish","type":"post","link":"https:\/\/baerdel.de\/maerchen\/2022\/06\/ukrainekrieg\/","title":{"rendered":"Ukrainekrieg"},"content":{"rendered":"\n<p class=\"wp-block-paragraph\">\u201eOnkel B\u00e4rdel, Onkel B\u00e4rdel, entschuldige bitte! Wir wollten Dich nicht st\u00f6ren, Du bist doch immer so besch\u00e4ftigt. Eigentlich haben wir eine Frage an Onkel Kulle, aber der ist so merkw\u00fcrdig und hat uns gar nicht beachtet\u2026\u201c<\/p>\n\n\n\n<figure class=\"wp-block-gallery has-nested-images columns-default is-cropped wp-block-gallery-1 is-layout-flex wp-block-gallery-is-layout-flex\">\n<figure class=\"wp-block-image size-large\"><a href=\"https:\/\/baerdel.de\/maerchen\/wp-content\/uploads\/nanuk-1.jpg\"><img loading=\"lazy\" decoding=\"async\" width=\"400\" height=\"300\" data-id=\"739\" src=\"https:\/\/baerdel.de\/maerchen\/wp-content\/uploads\/nanuk-1.jpg\" alt=\"\" class=\"wp-image-739\" srcset=\"https:\/\/baerdel.de\/maerchen\/wp-content\/uploads\/nanuk-1.jpg 400w, https:\/\/baerdel.de\/maerchen\/wp-content\/uploads\/nanuk-1-300x225.jpg 300w\" sizes=\"auto, (max-width: 400px) 100vw, 400px\" \/><\/a><figcaption>Na und Nuk<\/figcaption><\/figure>\n\n\n\n<figure class=\"wp-block-image size-large\"><a href=\"https:\/\/baerdel.de\/maerchen\/wp-content\/uploads\/IMG_6647.jpeg\"><img loading=\"lazy\" decoding=\"async\" width=\"768\" height=\"1024\" data-id=\"1265\" src=\"https:\/\/baerdel.de\/maerchen\/wp-content\/uploads\/IMG_6647-768x1024.jpeg\" alt=\"\" class=\"wp-image-1265\" srcset=\"https:\/\/baerdel.de\/maerchen\/wp-content\/uploads\/IMG_6647-768x1024.jpeg 768w, https:\/\/baerdel.de\/maerchen\/wp-content\/uploads\/IMG_6647-225x300.jpeg 225w, https:\/\/baerdel.de\/maerchen\/wp-content\/uploads\/IMG_6647-1152x1536.jpeg 1152w, https:\/\/baerdel.de\/maerchen\/wp-content\/uploads\/IMG_6647-1200x1601.jpeg 1200w, https:\/\/baerdel.de\/maerchen\/wp-content\/uploads\/IMG_6647.jpeg 1300w\" sizes=\"auto, (max-width: 768px) 100vw, 768px\" \/><\/a><figcaption>B\u00e4rdel und Kulle<\/figcaption><\/figure>\n\n\n\n<figure class=\"wp-block-image size-large\"><a href=\"https:\/\/baerdel.de\/maerchen\/wp-content\/uploads\/NaKulleNuk.jpg\"><img loading=\"lazy\" decoding=\"async\" width=\"1024\" height=\"960\" data-id=\"1187\" src=\"https:\/\/baerdel.de\/maerchen\/wp-content\/uploads\/NaKulleNuk-1024x960.jpg\" alt=\"\" class=\"wp-image-1187\" srcset=\"https:\/\/baerdel.de\/maerchen\/wp-content\/uploads\/NaKulleNuk-1024x960.jpg 1024w, https:\/\/baerdel.de\/maerchen\/wp-content\/uploads\/NaKulleNuk-300x281.jpg 300w, https:\/\/baerdel.de\/maerchen\/wp-content\/uploads\/NaKulleNuk-768x720.jpg 768w, https:\/\/baerdel.de\/maerchen\/wp-content\/uploads\/NaKulleNuk-1200x1125.jpg 1200w, https:\/\/baerdel.de\/maerchen\/wp-content\/uploads\/NaKulleNuk.jpg 1280w\" sizes=\"auto, (max-width: 1024px) 100vw, 1024px\" \/><\/a><figcaption>Kinder und Kulle<\/figcaption><\/figure>\n<\/figure>\n\n\n\n<p class=\"wp-block-paragraph\">Dass Kulle die Eisb\u00e4renzwillinge nicht beachtete, war in der Tat merkw\u00fcrdig. Schlie\u00dflich waren die beiden seine Lieblinge, er hatte sie zusammen mit Athabasca&nbsp; erzogen und war stolz auf sie. B\u00e4rdel konnte sich nicht erinnern, dass Kulle sie auch nur einmal ignoriert hatte.<\/p>\n\n\n\n<p class=\"wp-block-paragraph\">\u201eWas ist denn so Ungew\u00f6hnliches an Kulle?\u201c wollte er wissen.<\/p>\n\n\n\n<p class=\"wp-block-paragraph\">\u201eEr ist durch die gro\u00dfe Dorfh\u00f6hle gerannt und hat in allen Ecke nach seiner roten Fahne gesucht. Um die hat er sich schon lange nicht mehr gek\u00fcmmert, aber jetzt wollte er sie unbedingt haben. Schlie\u00dflich hat er sie in irgend einem dunklen Spalt gefunden. Sie war voller Spinnweben und L\u00f6cher, und die Farbe war auch v\u00f6llig ausgeblichen.<\/p>\n\n\n\n<p class=\"wp-block-paragraph\">Erst hat er versucht, sie sauber zu machen und zu reparieren. Aber dann hat der alle seine Krallen ausgefahren und sie so energisch zerfetzt, dass nur noch winzige Stoffst\u00fccke \u00fcbrig sind.\u201c<\/p>\n\n\n\n<p class=\"wp-block-paragraph\">\u201eDas ist alles richtig, was Na sagt, aber da fehlt noch einiges\u201c, warf Nuk ein. \u201eOnkel Kulle hat die ganze Zeit lang Selbstgespr\u00e4che gef\u00fchrt. Wir haben davon nicht viel verstanden, jedenfalls nicht alles. Es ging um selbst verschuldete Aufkl\u00e4rung und um Krieg und ewigen Frieden. Um einen Levi-Nathan \u2013 oder so \u00e4hnlich. Um die Vereinten Nationen. Um Mittel, die den Zweck heiligen. Oder vielleicht auch andersrum. Und um Dummheit. Immer wieder um Dummheit.\u201c<\/p>\n\n\n\n<p class=\"wp-block-paragraph\">\u201eOnkel B\u00e4rdel, wir machen uns Sorgen um Onkel Kulle!\u201c sagten beide im Chor.<\/p>\n\n\n\n<p class=\"wp-block-paragraph\">B\u00e4rdel seufzte. \u201eDas kann ich gut verstehen\u201c, meinte er. \u201eIch verstehe, glaube ich, auch, warum Kulle so komisch ist. Er macht sich n\u00e4mlich auch Sorgen.\u201c<\/p>\n\n\n\n<p class=\"wp-block-paragraph\">Nanuk machten gro\u00dfe Augen. \u201eWor\u00fcber denn, Onkel B\u00e4rdel?\u201c<\/p>\n\n\n\n<p class=\"wp-block-paragraph\">\u201eDass in der Ukraine seit mehr als drei Monaten Krieg ist, das habt Ihr schon mitbekommen, oder?\u201c<\/p>\n\n\n\n<p class=\"wp-block-paragraph\">\u201eKlar, Onkel B\u00e4rdel!\u201c Na war wie so oft schneller mit der Antwort als ihre Schwester. \u201eRussland hat die Ukraine angegriffen, weil das Land von Faschisten regiert wird, und eigentlich sollte das Land zu Russland geh\u00f6ren. Jedenfalls sagt das <a href=\"https:\/\/baerdel.de\/maerchen\/2022\/03\/allegorie\/\" data-type=\"post\" data-id=\"1499\">Putin<\/a>.\u201c<\/p>\n\n\n\n<p class=\"wp-block-paragraph\">\u201eWir wissen, dass Krieg etwas Schreckliches ist.\u201c Nuk machte ihre Position klar. \u201eKriege sollten verboten werden. Werden sie aber nicht. Es gibt doch immer und in vielen L\u00e4ndern Krieg. Was ist so schlimm an diesem Ukraine-Krieg, dass Onkel Kulle sich Sorgen macht?\u201c<\/p>\n\n\n\n<p class=\"wp-block-paragraph\">\u201eEs ist nicht richtig, dass Kriege nicht verboten sind. Fast alle Staaten dieser Welt sind Mitglied der Vereinten Nationen, und zu deren Grunds\u00e4tzen geh\u00f6rt ein allgemeines Gewaltverbot. Das verbietet den Mitgliedsstaaten in ihren internationalen Beziehungen jede gegen die territoriale Unversehrtheit oder die politische Unabh\u00e4ngigkeit eines Staates gerichtete Androhung oder Anwendung von Gewalt.\u201c B\u00e4rdel war froh, dass er nicht bei allen politischen Vortr\u00e4gen, die Kulle hielt, geschlafen hatte.<\/p>\n\n\n\n<p class=\"wp-block-paragraph\">\u201eWenn das so ist, Onkel B\u00e4rdel, dann d\u00fcrfte es doch keine Kriege geben. Es gibt sie aber, wie Nuk richtig sagt!\u201c Na war sehr emp\u00f6rt.<\/p>\n\n\n\n<p class=\"wp-block-paragraph\">\u201eNicht jeder h\u00e4lt sich immer und \u00fcberall an Regeln. Das tun nur die Guten.\u201c<\/p>\n\n\n\n<p class=\"wp-block-paragraph\">\u201eUnd wer sind die Guten, Onkel B\u00e4rdel?\u201c<\/p>\n\n\n\n<p class=\"wp-block-paragraph\">\u201eDemokratisch regierte Staaten ganz bestimmt. Wie Dehland. Oder unser Nachbar Frankreich. Oder die USA.\u201c<\/p>\n\n\n\n<p class=\"wp-block-paragraph\">Na und Nuk tauschten einen kurzen Blick. Athabasca hatte ihnen immer wieder eingepr\u00e4gt, dass B\u00e4ren h\u00f6flich zu bleiben hatten, auch bei Meinungsverschiedenheiten oder in einem Streit um Fakten. Das galt insbesondere f\u00fcr j\u00fcngere gegen\u00fcber \u00e4lteren.<\/p>\n\n\n\n<p class=\"wp-block-paragraph\">Sie h\u00e4tten sich nat\u00fcrlich bei B\u00e4rdel bedanken und ihrer Wege gehen k\u00f6nnen. Aber auch Ehrlichkeit geh\u00f6rte zu Attis Erziehungsprinzipien.<\/p>\n\n\n\n<p class=\"wp-block-paragraph\">Nuk trat ihrer j\u00fcngeren Schwester auf eine Vorderpfote, um ihr klarzumachen, dass sie besser ihr f\u00fcr eine Weile das Wort \u00fcberlie\u00df. Sie kannte Nas \u00fcbersch\u00e4umendes Temperament nur zu gut.<\/p>\n\n\n\n<p class=\"wp-block-paragraph\">\u201eIn Bezug auf Dehland hast Du wohl recht, Onkel B\u00e4rdel. Die dehl\u00e4ndische R\u00fcstungsindustrie hat nur mit Erlaubnis der Regierung Waffen ins Ausland geliefert, mit denen dann Nicht-Dehl\u00e4nder get\u00f6tet haben und get\u00f6tet wurden.\u201c<\/p>\n\n\n\n<p class=\"wp-block-paragraph\">B\u00e4rdel schluckte, aber er sagte nichts. Also fuhr Nuk fort.<\/p>\n\n\n\n<p class=\"wp-block-paragraph\">\u201eBei den USA liegt der Fall aber anders, denke ich. In L\u00e4ndern, die sie ver\u00e4chtlich als ihren \u201aHinterhof\u2018 bezeichnen, haben sie oft gewaltsame Aktionen durchgef\u00fchrt, obwohl sie Gr\u00fcndungsmitglied der Vereinten Nationen sind. Kuba, die Dominikanische Republik, El Salvador, Nicaragua, Grenada, Panama und Kolumbien \u2013 das sind die, die mir gerade einfallen. Ach ja, und Chile nat\u00fcrlich.\u201c<\/p>\n\n\n\n<p class=\"wp-block-paragraph\">Nuk holte tief Luft.<\/p>\n\n\n\n<p class=\"wp-block-paragraph\">\u201eAuch in anderen Teilen der Welt haben die USA ihre Interessen verteidigt, wie sie das nennen. Im Vietnamkrieg haben sie ein Kriegsverbrechen an das n\u00e4chste gereiht, das bestreitet heute niemand mehr, noch nicht einmal die Amerikaner selbst. Sie wollten den Kommunismus zur\u00fcckdr\u00e4ngen. Und um f\u00fcr den dritten Irakkrieg die Unterst\u00fctzung des UN-Sicherheitsrates zu gewinnen, haben sie ihren Au\u00dfenminister nach New York geschickt, der das Gremium schamlos belogen hat. Nein, falsch, hinterher hat er sich \u00f6ffentlich gesch\u00e4mt, aber erst mal hat er gelogen, gelogen f\u00fcr das angeblich amerikanische \u00d6l.\u201c<\/p>\n\n\n\n<p class=\"wp-block-paragraph\">Jetzt hatte sich auch Nuk gegen ihren Willen in Rage geredet, und sie hatte ein schlechtes Gewissen. B\u00e4rdel war unter seinem Gesichtspelz ganz blass geworden.<\/p>\n\n\n\n<p class=\"wp-block-paragraph\">\u201eOnkel B\u00e4rdel\u201c, fragte sie zaghaft. \u201eBist Du mir jetzt b\u00f6se?\u201c<\/p>\n\n\n\n<p class=\"wp-block-paragraph\">B\u00e4rdel sch\u00fcttelte den Kopf. \u201eNein, b\u00f6se bin ich nicht. Aber ersch\u00fcttert. Eigentlich wei\u00df ich vieles, was Du genannt hast, aber so geballt\u2026\u201c Mit ein wenig Hoffnung in der Stimme fragte er: \u201eKommt denn wenigstens Frankreich besser weg?\u201c<\/p>\n\n\n\n<p class=\"wp-block-paragraph\">\u201eEin bisschen. Frankreich schickt Soldaten in ehemalige Kolonien in Afrika, aber es nutzt auch andere Mittel als milit\u00e4rische. Franz\u00f6sische Konzerne wie Total und Orange dominieren wichtige Wirtschaftszweige. Mit 15 afrikanischen Staaten hat Frankreich W\u00e4hrungsverb\u00fcnde, die Reserven liegen bei der franz\u00f6sischen Zentralbank. Frankreich kann also jederzeit den Geldhahn zudrehen.<\/p>\n\n\n\n<p class=\"wp-block-paragraph\">Der wichtigste Grund f\u00fcr die Aktivit\u00e4ten in Afrika, denke ich, ist Frankreichs Energiepolitik. 56 Atommeiler m\u00fcssen gef\u00fcttert werden, und ein gro\u00dfer Teil des Urans daf\u00fcr kommt aus Niger und anderen Subsaharastaaten.\u201c<\/p>\n\n\n\n<p class=\"wp-block-paragraph\">\u201eAlso schlimmer kann es ja kaum noch kommen,\u201c seufzte B\u00e4rdel.<\/p>\n\n\n\n<p class=\"wp-block-paragraph\">Jetzt l\u00f6ste Na ihre Schwester ab. \u201eEs tut uns leid, Onkel B\u00e4rdel, aber es kann noch viel schlimmer kommen. Vergiss nicht: Bisher haben wir von den Guten gesprochen.\u201c<\/p>\n\n\n\n<p class=\"wp-block-paragraph\">\u201eAlso kommt jetzt der russische Krieg gegen die Ukraine dran?\u201c<\/p>\n\n\n\n<p class=\"wp-block-paragraph\">Die Eisb\u00e4renkinder sch\u00fcttelten in perfekter Choreographie die K\u00f6pfe, und Na redete weiter. \u201eRussland kommt dran, richtig, aber dieser Krieg muss noch ein bisschen warten.<\/p>\n\n\n\n<p class=\"wp-block-paragraph\">Ist Dir nicht aufgefallen, dass die fr\u00fcheren Kriege, die Russland gef\u00fchrt hat, kaum jemanden interessiert haben? Zum Beispiel der mit Georgien im Kaukasus vor 14 Jahren? Die Annexion der Krim vor acht Jahren? Der Krieg in Syrien seit 2015, um Assad zu unterst\u00fctzen, der seine eigene Bev\u00f6lkerung massakriert?<\/p>\n\n\n\n<p class=\"wp-block-paragraph\">Ist Dir nicht aufgefallen, dass die politische Opposition in Russland gnadenlos verfolgt wird, ganz offen? Die Menschen wurden und werden eingesperrt, erschlagen, erschossen, verbannt, vergiftet oder verh\u00f6hnt, wie es dem Diktator gerade passt.<\/p>\n\n\n\n<p class=\"wp-block-paragraph\">Ist niemand wirklich beunruhigt dar\u00fcber, dass russische Troll-Armeen Wahlk\u00e4mpfe in Demokratien beeinflusst haben, dass sie die \u00f6ffentliche Meinung majorisieren wollen? Dass Russland Nazis in Europa und Amerika unterst\u00fctzt?<\/p>\n\n\n\n<p class=\"wp-block-paragraph\">Ist es nicht so gravierend, dass die Gruppe Wagner nicht nur Kriegsverbrechen begeht, sondern auch das russische System \u00f6konomisch st\u00fctzt, indem sie zum Beispiel im Sudan Gold f\u00f6rdert?\u201c<\/p>\n\n\n\n<p class=\"wp-block-paragraph\">Na holte tief Luft.<\/p>\n\n\n\n<p class=\"wp-block-paragraph\">\u201eNimm es Dir nicht zu Herzen, Onkel B\u00e4rdel. Anscheinend ist dass alles niemandem aufgefallen. Dehland hat gute Gesch\u00e4fte mit Russland gemacht. Russland hat Dehland \u00d6l und Gas geliefert, und VW hat in Russland Autos gebaut und verkauft.<\/p>\n\n\n\n<p class=\"wp-block-paragraph\">Erst der Krieg vor der eigenen T\u00fcr, an der Grenze zur NATO, hat Entsetzen ausgel\u00f6st. Dass Putin so b\u00f6se sein kann, damit hat man nicht gerechnet. Und schon spricht der dehl\u00e4ndische Kanzler von einer Zeitenwende.\u201c<\/p>\n\n\n\n<p class=\"wp-block-paragraph\">\u201eIst es denn nicht auch eine? Eine Zeitenwende?\u201c<\/p>\n\n\n\n<p class=\"wp-block-paragraph\">\u201eJa und nein, Onkel B\u00e4rdel. Die Zeiten, in denen skrupellose Machthaber in imperialistischer Manier sich genommen haben, was sie wollten, sind leider nie zu Ende gegangen. Das sollten unsere Beispiele gezeigt haben.\u201c<\/p>\n\n\n\n<p class=\"wp-block-paragraph\">Nanuk nickten synchron und sagten im Chor:<\/p>\n\n\n\n<p class=\"wp-block-paragraph\">\u201eEs ist Zeit f\u00fcr viele Fragen, die lange Zeit nicht ernsthaft gestellt wurden.\u201c<\/p>\n\n\n\n<p class=\"wp-block-paragraph\">Na: \u201eIst die Globalisierung am Ende?\u201c<\/p>\n\n\n\n<p class=\"wp-block-paragraph\">Nuk: \u201eSind die Vereinten Nationen gescheitert? Kann es einen Neustart geben?\u201c<\/p>\n\n\n\n<p class=\"wp-block-paragraph\">Na: \u201eWie kann eine neue europ\u00e4ische Politik aussehen?\u201c<\/p>\n\n\n\n<p class=\"wp-block-paragraph\">\u201eWir finden, dass der dehl\u00e4ndische Kanzler die Zeitenwende v\u00f6llig falsch interpretiert. Die Welt braucht nicht mehr R\u00fcstung und mehr Waffen. Man muss nur an eine Highschool in den USA gehen, um zu sehen, was mehr Waffen anrichten!\u201c<\/p>\n\n\n\n<p class=\"wp-block-paragraph\">Das waren wieder die Zwillinge gemeinsam.<\/p>\n\n\n\n<p class=\"wp-block-paragraph\">B\u00e4rdel war sprachlos. Nanuk wussten so viel, wovon er keine Ahnung hatte \u2013 und eigentlich auch nicht haben wollte. Wie sollte er seinen b\u00e4rischen Seelenfrieden bewahren, wenn er sich dauernd um den Zustand der Welt sorgen musste?<\/p>\n\n\n\n<p class=\"wp-block-paragraph\">Es schien, als k\u00f6nnten die jungen Eisb\u00e4rinnen seine Gedanken lesen.<\/p>\n\n\n\n<p class=\"wp-block-paragraph\">\u201eOnkel B\u00e4rdel, das alles muss Dich auch interessieren! Es geht um unsere Zukunft! Guck mal, wir haben auch schon ein Plakat gemalt!\u201c<\/p>\n\n\n\n<p class=\"wp-block-paragraph\">Na hielt ein gro\u00dfes Blatt Zeichenkarton hoch, auf dem stand: POLAR BEARS FOR FUTURE.<\/p>\n\n\n\n<p class=\"wp-block-paragraph\">Pl\u00f6tzlich stapfte Kulle heran, warf einen Blick auf das Poster und nickte anerkennend. Zu B\u00e4rdel sagte er: \u201eDu musst umgehend eine Versammlung einberufen. Wir m\u00fcssen reden.\u201c<\/p>\n\n\n\n<p class=\"wp-block-paragraph\">\u201eDu machst Dir also auch Sorgen wegen des Ukrainekrieges?\u201c<\/p>\n\n\n\n<p class=\"wp-block-paragraph\">Kulle sah ihn an, als sei B\u00e4rdel nicht sein bester Freund, sondern ein Alien aus einer fremden Galaxie.<\/p>\n\n\n\n<p class=\"wp-block-paragraph\">\u201eQuatsch!\u201c fauchte er. \u201eHei\u00dfe ich etwa Olaf Scholz oder Annalena Baerbock? Bin ich etwa ein ignoranter Mensch? Kann ich die Zeichen an der Wand nicht lesen? Es war doch klar, dass Putin \u00fcber kurz oder lang zum Mittel des Krieges greifen w\u00fcrde.\u201c<\/p>\n\n\n\n<p class=\"wp-block-paragraph\">Na und Nuk schauten einander an und l\u00e4chelten verschw\u00f6rerisch. Sie hatten es doch gewusst! Sie waren genauso schlau wie Onkel Kulle.<\/p>\n\n\n\n<p class=\"wp-block-paragraph\">\u201eWor\u00fcber m\u00fcssen wir dann reden, wenn nicht \u00fcber den Krieg?\u201c fragte B\u00e4rdel verunsichert.<\/p>\n\n\n\n<p class=\"wp-block-paragraph\">\u201eDas k\u00f6nnen Dir Na und Nuk sicher sagen. Sie haben ja schon ein entsprechendes Plakat gemalt,\u201c bemerkte Kulle.<\/p>\n\n\n\n<p class=\"wp-block-paragraph\">Es war den Zwillingen gar nicht recht, dass sie durch diese \u00c4u\u00dferung in den Mittelpunkt gestellt wurden. Sie waren auf eine Antwort nicht vorbereitet. Die vorsichtige Nuk hielt lieber den Mund, w\u00e4hrend ihre Schwester ein paar S\u00e4tze murmelte, in denen wiederholt das Wort \u201aZukunft\u2018 vorkam.<\/p>\n\n\n\n<p class=\"wp-block-paragraph\">Kulle erbarmte sich. \u201eNat\u00fcrlich geht es um Zukunft. Und was ist wichtig f\u00fcr unser aller Zukunft und am allerwichtigsten f\u00fcr Eisb\u00e4ren? Na? Der Klimawandel selbstverst\u00e4ndlich. Und worum k\u00fcmmern sich die Menschen gegenw\u00e4rtig gar nicht, weil sie mit einem lokalen Krieg besch\u00e4ftigt sind? Richtig: um den Klimawandel. Und worum werden sie sich wieder nicht k\u00fcmmern, wenn sie mit dem n\u00e4chsten angeblich v\u00f6llig \u00fcberraschenden Krieg konfrontiert werden?\u201c<\/p>\n\n\n\n<p class=\"wp-block-paragraph\">\u201eNat\u00fcrlich um den Klimawandel, Onkel Kulle.\u201c Na und Nuk waren heilfroh, dass Kulle ihnen die richtige Antwort in den Mund gelegt hatte.<\/p>\n\n\n\n<p class=\"wp-block-paragraph\">Kulle nickte. \u201eBleibt nur noch zu kl\u00e4ren, aus welcher Ecke dieser Krieg kommen k\u00f6nnte.\u201c Er sah die Zwillinge erwartungsvoll an, aber die wichen seinem Blick aus.<\/p>\n\n\n\n<p class=\"wp-block-paragraph\">B\u00e4rdel versp\u00fcrte Mitleid mit den Beiden. Er wollte helfen, aber wie? Am besten mit einer Antwort, die Kulle von ihnen ablenken w\u00fcrde. Mit einer falschen Antwort nat\u00fcrlich, aber das spielte keine Rolle. Er erinnerte sich an wiederholte Klagen von Manfred \u00fcber Spy-software \u2013 was immer das auch sein mochte. B\u00e4rdel holte tief Luft.<\/p>\n\n\n\n<p class=\"wp-block-paragraph\">\u201eAus China,\u201c sagte er gepresst.<\/p>\n\n\n\n<p class=\"wp-block-paragraph\">Kulles Augenbrauen wanderten voller Anerkennung nach oben. \u201eDonnerwetter, das h\u00e4tte ich Dir gar nicht zugetraut. Nat\u00fcrlich hast Du recht. Die chinesische Regierung in Gestalt der F\u00fchrungsclique der sogenannten Kommunistischen Partei&nbsp; hat konsequent und erfolgreich einen digital-totalit\u00e4ren \u00dcberwachungsstaat aufgebaut. Damit wurde die Demokratiebewegung in Hongkong zerschlagen, damit wurden die Menschen in der Volksrepublik zu ohnm\u00e4chtigen Lockdown-Objekten. Die Internierungskampagne gegen die Uiguren in Xinjiang ist da vielleicht der Probelauf, das T\u00fcpfelchen auf dem \u201ai\u2019.<\/p>\n\n\n\n<p class=\"wp-block-paragraph\">Mit diesem Land unter totaler Kontrolle der Partei enth\u00e4lt der Westen wesentlich mehr und wesentlich wichtigere Wirtschaftsbeziehungen als mit Russland. Bei China geht es nicht um fossile Energien, die sowieso bald ersetzt werden sollen. Es geht zum Beispiel um Graphit, Kobalt, Platin, Iridium, Lithium, Titan und Tantal. Die braucht der Westen f\u00fcr die Energiewende, und die kauft er bisher haupts\u00e4chlich in China ein. Und deshalb brauchen wir m\u00f6glichst schnell eine Versammlung.\u201c<\/p>\n\n\n\n<p class=\"wp-block-paragraph\">\u201eAha,\u201c sagte B\u00e4rdel ratlos. Er verstand die Zusammenh\u00e4nge nicht.<\/p>\n\n\n\n<p class=\"wp-block-paragraph\">\u201eWir brauchen eine Versammlung, um zu diskutieren, wie sich der Westen rechtzeitig aus der Abh\u00e4ngigkeit von China befreien kann. Wie wir die Menschen im Westen davon \u00fcberzeugen k\u00f6nnen, dass blindes Kooperieren mit totalit\u00e4ren Staaten nicht nur gegen demokratische Prinzipien, sondern auch gegen rationale Interessen verst\u00f6\u00dft. Damit sie vorbereitet sind, wenn China Taiwan \u00fcberf\u00e4llt.\u201c<\/p>\n\n\n\n<p class=\"wp-block-paragraph\">\u201eAber wie sollen wir das schaffen? Und warum eigentlich?\u201c<\/p>\n\n\n\n<p class=\"wp-block-paragraph\">\u201eWie \u2013 das wei\u00df ich auch noch nicht. Deshalb ja die Versammlung. Und warum? Das ist doch klar.\u201c Kulle zeigte auf Nanuk und ihr Plakat.<\/p>\n\n\n\n<p class=\"wp-block-paragraph\">\u201eDie Eisb\u00e4ren brauchen eine Zukunft.\u201c&nbsp;<\/p>\n\n\n\n<p class=\"wp-block-paragraph\">Juni 2022<\/p>\n","protected":false},"excerpt":{"rendered":"<p>\u201eOnkel B\u00e4rdel, Onkel B\u00e4rdel, entschuldige bitte! Wir wollten Dich nicht st\u00f6ren, Du bist doch immer so besch\u00e4ftigt. Eigentlich haben wir eine Frage an Onkel Kulle, aber der ist so merkw\u00fcrdig und hat uns gar nicht beachtet\u2026\u201c Dass Kulle die Eisb\u00e4renzwillinge nicht beachtete, war in der Tat merkw\u00fcrdig. Schlie\u00dflich waren die beiden seine Lieblinge, er hatte&hellip; <a class=\"more-link\" href=\"https:\/\/baerdel.de\/maerchen\/2022\/06\/ukrainekrieg\/\"><span class=\"screen-reader-text\">Ukrainekrieg<\/span> weiterlesen<\/a><\/p>\n","protected":false},"author":1,"featured_media":0,"comment_status":"closed","ping_status":"closed","sticky":false,"template":"","format":"standard","meta":{"_crdt_document":"","footnotes":""},"categories":[10,5,9,17],"tags":[],"class_list":["post-1529","post","type-post","status-publish","format-standard","hentry","category-baerdel","category-baerdel3","category-kulle3-2","category-politische-marginalien","entry"],"_links":{"self":[{"href":"https:\/\/baerdel.de\/maerchen\/wp-json\/wp\/v2\/posts\/1529","targetHints":{"allow":["GET"]}}],"collection":[{"href":"https:\/\/baerdel.de\/maerchen\/wp-json\/wp\/v2\/posts"}],"about":[{"href":"https:\/\/baerdel.de\/maerchen\/wp-json\/wp\/v2\/types\/post"}],"author":[{"embeddable":true,"href":"https:\/\/baerdel.de\/maerchen\/wp-json\/wp\/v2\/users\/1"}],"replies":[{"embeddable":true,"href":"https:\/\/baerdel.de\/maerchen\/wp-json\/wp\/v2\/comments?post=1529"}],"version-history":[{"count":1,"href":"https:\/\/baerdel.de\/maerchen\/wp-json\/wp\/v2\/posts\/1529\/revisions"}],"predecessor-version":[{"id":1530,"href":"https:\/\/baerdel.de\/maerchen\/wp-json\/wp\/v2\/posts\/1529\/revisions\/1530"}],"wp:attachment":[{"href":"https:\/\/baerdel.de\/maerchen\/wp-json\/wp\/v2\/media?parent=1529"}],"wp:term":[{"taxonomy":"category","embeddable":true,"href":"https:\/\/baerdel.de\/maerchen\/wp-json\/wp\/v2\/categories?post=1529"},{"taxonomy":"post_tag","embeddable":true,"href":"https:\/\/baerdel.de\/maerchen\/wp-json\/wp\/v2\/tags?post=1529"}],"curies":[{"name":"wp","href":"https:\/\/api.w.org\/{rel}","templated":true}]}}