{"id":1428,"date":"2021-05-01T15:59:11","date_gmt":"2021-05-01T13:59:11","guid":{"rendered":"https:\/\/baerdel.de\/maerchen\/?p=1428"},"modified":"2022-12-03T11:00:18","modified_gmt":"2022-12-03T09:00:18","slug":"minerva-schu-oder-athene","status":"publish","type":"post","link":"https:\/\/baerdel.de\/maerchen\/2021\/05\/minerva-schu-oder-athene\/","title":{"rendered":"Minerva Schu oder Athene"},"content":{"rendered":"\n<figure class=\"wp-block-image size-full\"><a href=\"https:\/\/baerdel.de\/maerchen\/wp-content\/uploads\/minerva3.jpg\"><img loading=\"lazy\" decoding=\"async\" width=\"640\" height=\"480\" src=\"https:\/\/baerdel.de\/maerchen\/wp-content\/uploads\/minerva3.jpg\" alt=\"\" class=\"wp-image-737\" srcset=\"https:\/\/baerdel.de\/maerchen\/wp-content\/uploads\/minerva3.jpg 640w, https:\/\/baerdel.de\/maerchen\/wp-content\/uploads\/minerva3-300x225.jpg 300w\" sizes=\"auto, (max-width: 640px) 100vw, 640px\" \/><\/a><figcaption class=\"wp-element-caption\">Minerva<\/figcaption><\/figure>\n\n\n\n<p class=\"wp-block-paragraph\">2015 ist Athene in B\u00e4renleben gelandet, um &#8222;<a href=\"https:\/\/baerdel.de\/maerchen\/2015\/06\/eule-aus-athen\/\" data-type=\"post\" data-id=\"154\">mit dem Kanzler zu sprechen<\/a>&#8220; Dazu ist es nicht gekommen, aber sie ist daraufhin in B\u00e4renleben geblieben und hat den B\u00e4renlebenern wertvolle Ratschl\u00e4ge zu geben.<\/p>\n","protected":false},"excerpt":{"rendered":"<p>2015 ist Athene in B\u00e4renleben gelandet, um &#8222;mit dem Kanzler zu sprechen&#8220; Dazu ist es nicht gekommen, aber sie ist daraufhin in B\u00e4renleben geblieben und hat den B\u00e4renlebenern wertvolle Ratschl\u00e4ge zu geben.<\/p>\n","protected":false},"author":4,"featured_media":0,"comment_status":"closed","ping_status":"closed","sticky":false,"template":"","format":"standard","meta":{"_crdt_document":"","footnotes":""},"categories":[10,1],"tags":[11],"class_list":["post-1428","post","type-post","status-publish","format-standard","hentry","category-baerdel","category-kumpels","tag-featured","entry"],"_links":{"self":[{"href":"https:\/\/baerdel.de\/maerchen\/wp-json\/wp\/v2\/posts\/1428","targetHints":{"allow":["GET"]}}],"collection":[{"href":"https:\/\/baerdel.de\/maerchen\/wp-json\/wp\/v2\/posts"}],"about":[{"href":"https:\/\/baerdel.de\/maerchen\/wp-json\/wp\/v2\/types\/post"}],"author":[{"embeddable":true,"href":"https:\/\/baerdel.de\/maerchen\/wp-json\/wp\/v2\/users\/4"}],"replies":[{"embeddable":true,"href":"https:\/\/baerdel.de\/maerchen\/wp-json\/wp\/v2\/comments?post=1428"}],"version-history":[{"count":3,"href":"https:\/\/baerdel.de\/maerchen\/wp-json\/wp\/v2\/posts\/1428\/revisions"}],"predecessor-version":[{"id":1552,"href":"https:\/\/baerdel.de\/maerchen\/wp-json\/wp\/v2\/posts\/1428\/revisions\/1552"}],"wp:attachment":[{"href":"https:\/\/baerdel.de\/maerchen\/wp-json\/wp\/v2\/media?parent=1428"}],"wp:term":[{"taxonomy":"category","embeddable":true,"href":"https:\/\/baerdel.de\/maerchen\/wp-json\/wp\/v2\/categories?post=1428"},{"taxonomy":"post_tag","embeddable":true,"href":"https:\/\/baerdel.de\/maerchen\/wp-json\/wp\/v2\/tags?post=1428"}],"curies":[{"name":"wp","href":"https:\/\/api.w.org\/{rel}","templated":true}]}}