{"id":1375,"date":"2021-04-29T17:16:56","date_gmt":"2021-04-29T15:16:56","guid":{"rendered":"https:\/\/pdkulle.de\/?p=1375"},"modified":"2021-04-30T12:53:18","modified_gmt":"2021-04-30T10:53:18","slug":"neues-von-der-sekretaerin","status":"publish","type":"post","link":"https:\/\/baerdel.de\/maerchen\/2021\/04\/neues-von-der-sekretaerin\/","title":{"rendered":"Neues von der Sekret\u00e4rin"},"content":{"rendered":"\n<p class=\"wp-block-paragraph\">Meine Sekret\u00e4rin hat schon wieder zugeschlagen: Ihr neuestes Buch hei\u00dft: Pest, J\u00e9r\u00f4me und Corona und ist bei Amazon erschienen:<\/p>\n\n\n\n<iframe loading=\"lazy\" title=\"Pest, J\u00e9r\u00f4me und Corona: Ein Helmstedter Kaleidoskop\" type=\"text\/html\" width=\"750\" height=\"550\" frameborder=\"0\" allowfullscreen style=\"max-width:100%\" src=\"https:\/\/lesen.amazon.de\/kp\/card?preview=inline&#038;linkCode=kpd&#038;ref_=k4w_oembed_bKMkgSZEkGguC8&#038;asin=B093HKMPDB&#038;tag=kpembed-20\"><\/iframe>\n\n\n\n<p class=\"wp-block-paragraph\">Ich wei\u00df auch nicht, woher sie die Zeit daf\u00fcr nimmt. Ich werde sie wohl etwas st\u00e4rker besch\u00e4ftigen m\u00fcssen.<\/p>\n","protected":false},"excerpt":{"rendered":"<p>Meine Sekret\u00e4rin hat schon wieder zugeschlagen: Ihr neuestes Buch hei\u00dft: Pest, J\u00e9r\u00f4me und Corona und ist bei Amazon erschienen: Ich wei\u00df auch nicht, woher sie die Zeit daf\u00fcr nimmt. Ich werde sie wohl etwas st\u00e4rker besch\u00e4ftigen m\u00fcssen.<\/p>\n","protected":false},"author":1,"featured_media":0,"comment_status":"closed","ping_status":"closed","sticky":false,"template":"","format":"standard","meta":{"_crdt_document":"","footnotes":""},"categories":[10,9,17],"tags":[],"class_list":["post-1375","post","type-post","status-publish","format-standard","hentry","category-baerdel","category-kulle3-2","category-politische-marginalien","entry"],"_links":{"self":[{"href":"https:\/\/baerdel.de\/maerchen\/wp-json\/wp\/v2\/posts\/1375","targetHints":{"allow":["GET"]}}],"collection":[{"href":"https:\/\/baerdel.de\/maerchen\/wp-json\/wp\/v2\/posts"}],"about":[{"href":"https:\/\/baerdel.de\/maerchen\/wp-json\/wp\/v2\/types\/post"}],"author":[{"embeddable":true,"href":"https:\/\/baerdel.de\/maerchen\/wp-json\/wp\/v2\/users\/1"}],"replies":[{"embeddable":true,"href":"https:\/\/baerdel.de\/maerchen\/wp-json\/wp\/v2\/comments?post=1375"}],"version-history":[{"count":1,"href":"https:\/\/baerdel.de\/maerchen\/wp-json\/wp\/v2\/posts\/1375\/revisions"}],"predecessor-version":[{"id":1387,"href":"https:\/\/baerdel.de\/maerchen\/wp-json\/wp\/v2\/posts\/1375\/revisions\/1387"}],"wp:attachment":[{"href":"https:\/\/baerdel.de\/maerchen\/wp-json\/wp\/v2\/media?parent=1375"}],"wp:term":[{"taxonomy":"category","embeddable":true,"href":"https:\/\/baerdel.de\/maerchen\/wp-json\/wp\/v2\/categories?post=1375"},{"taxonomy":"post_tag","embeddable":true,"href":"https:\/\/baerdel.de\/maerchen\/wp-json\/wp\/v2\/tags?post=1375"}],"curies":[{"name":"wp","href":"https:\/\/api.w.org\/{rel}","templated":true}]}}