{"id":1352,"date":"2021-04-08T17:51:13","date_gmt":"2021-04-08T15:51:13","guid":{"rendered":"https:\/\/baerdel.de\/maerchen\/?p=1352"},"modified":"2021-04-08T17:58:24","modified_gmt":"2021-04-08T15:58:24","slug":"schnick-schnack-schnuck","status":"publish","type":"post","link":"https:\/\/baerdel.de\/maerchen\/2021\/04\/schnick-schnack-schnuck\/","title":{"rendered":"Schnick- Schnack- Schnuck"},"content":{"rendered":"\n<figure class=\"wp-block-image size-large\"><a href=\"https:\/\/baerdel.de\/maerchen\/wp-content\/uploads\/IMG_6647.jpeg\"><img loading=\"lazy\" decoding=\"async\" width=\"768\" height=\"1024\" src=\"https:\/\/baerdel.de\/maerchen\/wp-content\/uploads\/IMG_6647-768x1024.jpeg\" alt=\"\" class=\"wp-image-1265\" srcset=\"https:\/\/baerdel.de\/maerchen\/wp-content\/uploads\/IMG_6647-768x1024.jpeg 768w, https:\/\/baerdel.de\/maerchen\/wp-content\/uploads\/IMG_6647-225x300.jpeg 225w, https:\/\/baerdel.de\/maerchen\/wp-content\/uploads\/IMG_6647-1152x1536.jpeg 1152w, https:\/\/baerdel.de\/maerchen\/wp-content\/uploads\/IMG_6647-1200x1601.jpeg 1200w, https:\/\/baerdel.de\/maerchen\/wp-content\/uploads\/IMG_6647.jpeg 1300w\" sizes=\"auto, (max-width: 768px) 100vw, 768px\" \/><\/a><figcaption>B\u00e4rdel und Kulle<\/figcaption><\/figure>\n\n\n\n<p class=\"wp-block-paragraph\">Der Morgenspaziergang von B\u00e4rdel und Kulle hatte eine lange Tradition. Manchmal wurden sie von anderen B\u00e4renlebenern begleitet. Manchmal kam auch Athabaska mit ihnen mit, aber dann herrschten besondere Bedingungen. Das gem\u00e4chliche Daherschreiten der beiden M\u00e4nner fand Atti viel zu langweilig, andererseits mochte sie deren Gesellschaft gern. Deshalb hatte sie ein Spiel eingef\u00fchrt.<\/p>\n\n\n\n<figure class=\"wp-block-image size-large\"><a href=\"https:\/\/baerdel.de\/maerchen\/wp-content\/uploads\/attigras-2.jpg\"><img loading=\"lazy\" decoding=\"async\" width=\"1024\" height=\"768\" src=\"https:\/\/baerdel.de\/maerchen\/wp-content\/uploads\/attigras-2-1024x768.jpg\" alt=\"\" class=\"wp-image-12\" srcset=\"https:\/\/baerdel.de\/maerchen\/wp-content\/uploads\/attigras-2-1024x768.jpg 1024w, https:\/\/baerdel.de\/maerchen\/wp-content\/uploads\/attigras-2-300x225.jpg 300w, https:\/\/baerdel.de\/maerchen\/wp-content\/uploads\/attigras-2.jpg 1200w\" sizes=\"auto, (max-width: 1024px) 100vw, 1024px\" \/><\/a><figcaption>Athabaska<\/figcaption><\/figure>\n\n\n\n<p class=\"wp-block-paragraph\">Jeder von ihnen legte sich ein Thema zurecht, ein nicht unstrittiges Thema, \u00fcber das man argumentieren konnte. Dann spielten sie \u201aSchere, Stein, Papier\u2018 und legten so Gewinner und Verlierer des Tages fest. Das Thema des Siegers wurde als das wichtigste definiert, das alle drei Spazierg\u00e4nger als solches betrachten und verteidigen mussten. Danach kam der zweite Gegenstand an die Reihe, der als solcher zu bewerten war, und der Verlierer schlie\u00dflich pr\u00e4sentierte seinen Komplex als den unwichtigsten.<\/p>\n\n\n\n<p class=\"wp-block-paragraph\">Athabaska hatte das Scherenzeichen gemacht und damit das \u201aPapier\u2018 von B\u00e4rdel und Kulle auf die Pl\u00e4tze verwiesen.<\/p>\n\n\n\n<figure class=\"wp-block-image size-large\"><a href=\"https:\/\/baerdel.de\/maerchen\/wp-content\/uploads\/attihut.jpg\"><img loading=\"lazy\" decoding=\"async\" width=\"1024\" height=\"768\" src=\"https:\/\/baerdel.de\/maerchen\/wp-content\/uploads\/attihut-1024x768.jpg\" alt=\"\" class=\"wp-image-14\" srcset=\"https:\/\/baerdel.de\/maerchen\/wp-content\/uploads\/attihut-1024x768.jpg 1024w, https:\/\/baerdel.de\/maerchen\/wp-content\/uploads\/attihut-300x225.jpg 300w, https:\/\/baerdel.de\/maerchen\/wp-content\/uploads\/attihut.jpg 1200w\" sizes=\"auto, (max-width: 1024px) 100vw, 1024px\" \/><\/a><figcaption>Atti<\/figcaption><\/figure>\n\n\n\n<p class=\"wp-block-paragraph\">Kulle konnte noch nie gut verlieren und fragte dementsprechend missgelaunt: \u201eAlso was ist dein Thema?\u201c<\/p>\n\n\n\n<p class=\"wp-block-paragraph\">\u201eGendern,\u201c antwortete Atti und grinste breit. Sie wusste genau, dass die M\u00e4nner sich \u00fcber dieses Thema lustig zu machen pflegten und ihm keine gro\u00dfe Bedeutung beima\u00dfen.<\/p>\n\n\n\n<p class=\"wp-block-paragraph\">\u201eOh Gott!\u201c B\u00e4rdel konnte sich nicht beherrschen.<\/p>\n\n\n\n<p class=\"wp-block-paragraph\">\u201eMitten ins Herz der Diskussion! B\u00e4rdel, treffsicher wie immer! Die Vorstellung Gottes als eines m\u00e4nnlichen Wesens tr\u00e4gt seit Jahrhunderten, wenn nicht seit Jahrtausenden zur Diskriminierung der Frau bei. Mutter unser, die du bist im Himmel, und diese Mutter hat keinen Sohn mit einer Jungfrau gezeugt, sondern eine Tochter mit einem unschuldigen Mann \u2026 das setzt v\u00f6llig neue Akzente. Wir sollten das Gottesbild der monotheistischen Religionen \u00fcberdenken.\u201c Atti st\u00fcrzte sich sofort mit Feuereifer auf ihr Thema.<\/p>\n\n\n\n<p class=\"wp-block-paragraph\">\u201eWenn wir jenes h\u00f6here Wesen, das manche Menschen verehren, einer Geschlechtsumwandlung unterziehen, m\u00fcssen wir wohl auch etliche als heilig angesehene Schriften umschreiben. Oder ist es wahrscheinlich, dass eine G\u00f6ttin von den m\u00e4nnlichen Mitgliedern ihres auserw\u00e4hlten Volkes verlangt, sich die Vorhaut abschneiden zu lassen?\u201c Kulle hatte Einw\u00e4nde.<\/p>\n\n\n\n<p class=\"wp-block-paragraph\">\u201eWarum nicht?\u201c entgegnete Atti. \u201eOhne das Teil l\u00e4sst sich der Schwanz viel besser sauberhalten.\u201c<\/p>\n\n\n\n<p class=\"wp-block-paragraph\">\u201eUnter dem Aspekt der K\u00f6rperhygiene l\u00e4sst sich die Circumspektion zweifellos rechtfertigen\u201c, sagte B\u00e4rdel. \u201eUnter dem Aspekt der Gendergerechtigkeit ist das Konzept einer Frauengottheit aber als viel zu undifferenziert abzulehnen. Wo bleibt \u201adivers\u2018? Ist \u201adivers\u2018 nicht tats\u00e4chlich die Kategorie, in der wir derdiedasetwas G\u00f6ttlichendes denken sollten?\u201c<\/p>\n\n\n\n<p class=\"wp-block-paragraph\">\u201eB\u00e4rdel hat etwas ganz Entscheidendes in die Diskussion eingebracht.\u201c Kulle stimmte zu, um gleich darauf neue Schwierigkeiten zu benennen: \u201e Aber auch damit werden wir der Vielfalt der Emanationen lebender bewu\u00dfter Wesen noch nicht gerecht. Wie k\u00f6nnen wir die zahllosen Hautschattierungen, die zahlreichen kulturellen Hintergr\u00fcnde und sexuellen Orientierungen erfassen und im Denken und in der Sprache widerspiegeln? Und wie l\u00e4sst sich das in der Vorstellung von einem g\u00f6ttlichen Seienden erfassen?\u201c<\/p>\n\n\n\n<p class=\"wp-block-paragraph\">Atti schlug eine L\u00f6sung vor: \u201eWir sind uns doch einig, dass wir die auf dieser Erde lebenden bewussten Wesen nicht \u00fcber einen Kamm scheren d\u00fcrfen, noch d\u00fcrfen einzelne Gruppen bevorzugt oder benachteiligt werden. Also sind generalisierende Gottesvorstellungen abzulehnen. Jederjedejedes hat ein Recht auf sein-ihr pers\u00f6nliches Gottseiendes.\u201c<\/p>\n\n\n\n<p class=\"wp-block-paragraph\">\u201eDas\u201c, sagte Kulle, und es war die erste \u00c4u\u00dferung seit Beginn der Diskussion, die ihm aus dem Herzen kam, \u201edas ist ein hervorragender Vorschlag. Wir schaffen die&nbsp; gro\u00dfen Kirchen mit ihrer Geldgier und ihrem Bevormundungsdrang ab. Ein Problem weniger. Und was das Denken und die Sprache angeht: Die Denk- und Sprachgemeinschaft wird es schon richten. Wie auch immer!\u201c<\/p>\n\n\n\n<p class=\"wp-block-paragraph\">\u201eDanke f\u00fcr das sch\u00f6ne Schlusswort, Kulle! Ich habe euch genug mit meinem Thema gequ\u00e4lt. Lasst uns jetzt den zweiten Sieger ermitteln!\u201c<\/p>\n\n\n\n<p class=\"wp-block-paragraph\">Kulles \u201aStein\u2018 siegte \u00fcber B\u00e4rdels \u201aSchere\u2018.<\/p>\n\n\n\n<p class=\"wp-block-paragraph\">\u201eWir sprechen jetzt \u00fcber Corona!\u201c verk\u00fcndete der Gewinner.<\/p>\n\n\n\n<p class=\"wp-block-paragraph\">\u201eAch ja, Corona,\u201c seufzte B\u00e4rdel. \u201eZweifellos ein wichtiges Thema, wenn auch kein priorit\u00e4res. Ein neues Virus generiert eine neue Pandemie, das ist so neu nicht. Die Aufregung dar\u00fcber ist entschieden \u00fcbertrieben. Man vergleiche nur die Mortalit\u00e4t aufgrund von Ebola und von Corona. Ein sanftes S\u00e4useln ist die neue Krankheit, mehr nicht.\u201c<\/p>\n\n\n\n<p class=\"wp-block-paragraph\">\u201eAlso jetzt untertreibst du aber,\u201c emp\u00f6rte sich Athabaska. \u201eImmerhin \u00e4chzt die Weltwirtschaft seit einem Jahr wegen wiederholter Lockdowns und unterbrochener Lieferketten. Kulturelle Ereignisse und die Gastronomie sind de facto abgeschafft. Schule und Universit\u00e4ten sind ein Tr\u00fcmmerfeld. Die Liste ist verl\u00e4ngerbar.\u201c<\/p>\n\n\n\n<p class=\"wp-block-paragraph\">\u201eIch wei\u00df wirklich nicht, was du willst. Die Menschen besinnen sich wieder auf das Wesentliche wie die Familie. Home-Schooling und Home-Office sind wirksame Mittel gegen die von Staat und Wirtschaft verordnete Beziehungslosigkeit in zu gro\u00dfen Klassen und Gro\u00dfraumb\u00fcros. Das ist doch prima!\u201c wehrte sich B\u00e4rdel.<\/p>\n\n\n\n<p class=\"wp-block-paragraph\">Auch Kulle versuchte, die Dinge zurechtzur\u00fccken: \u201eIch sage nur China, China, China! Von wegen \u00e4chzende Weltwirtschaft. Xi Jinping mit seiner festen Hand hat gezeigt, wie man mit so einem neuen Winzling umgehen sollte. Das BIP der Volksrepublik steigt schon wieder kr\u00e4ftig, nicht zuletzt wegen der Zwangsarbeit, zu der man die widerspenstigen Uiguren anleitet.\u201c<\/p>\n\n\n\n<p class=\"wp-block-paragraph\">\u201eAuf jeden Fall ist Corona geeignet, wichtige Genderthemen zuzukleistern, zumindest in Dehland. Andernorts wird thematisiert, dass POCs, Indigene und Arme h\u00e4ufiger Opfer der Krankheit werden als \u2013 meist wei\u00dfe \u2013 Wohlhabende. Hier schweigt man das tot.\u201c Diese Feststellung war Athabaska wichtig.<\/p>\n\n\n\n<p class=\"wp-block-paragraph\">\u201eIrgendwie lustig ist die Sache aber auch. Ohne Corona h\u00e4tten wir nie efahren, welche Spiele Bodo Ramelow auf dem Handy daddelt und wie viele \u201a\u00c4\u2018 er aneinanderreihen kann. Wir w\u00fcssten nicht, dass Michael Kretschmer eigenh\u00e4ndig vor seinem Haus Schnee schippt. Und dass Armin Laschet sich als Architekt gibt, der Lockdown-Br\u00fccken konstruiert, ohne das Ufer zu sehen, zu dem sie f\u00fchren sollen. Einblicke \u00fcber Einblicke!\u201c kicherte Kulle.<\/p>\n\n\n\n<p class=\"wp-block-paragraph\">\u201eMit gro\u00dfer Wahrscheinlichkeit wird die Pandemie besiegbar sein, fr\u00fcher oder sp\u00e4ter. Die menschliche Weltbev\u00f6lkerung wird trotz Corona weiter wachsen. Selbst die Pest und die spanische Grippe haben es ja nicht geschafft, sie langfristig zu dezimieren. Und auch die angeblich gr\u00f6\u00dfte Bedrohung der Gegenwart, die Klimakatastrophe, wird vor\u00fcbergehen.\u201c B\u00e4rdel, der Verlierer, zeigte sich bereit, sein Thema in die Kategorie \u201ePeanuts\u201c einordnen zu lassen.<\/p>\n\n\n\n<p class=\"wp-block-paragraph\">\u201eKlimakatastrophen hat es schon immer gegeben. Diese Erkenntnis ist auch bei der AfD angekommen, und dort ist man bekanntlich recht langsam im Kopf.\u201c Kulle artikulierte seine Bosheit mit Genuss.<\/p>\n\n\n\n<p class=\"wp-block-paragraph\">B\u00e4rdel arbeitete weiter an der Zerst\u00f6rung seines Themas. \u201eEs ist vollkommen unsinnnig, sich vor dem Anstieg des Meeresspiegels zu f\u00fcrchten. Das Wasser steigt seit dem Ende der Eiszeit. Clevere Tourismusmanager machen daraus Attraktionen: Das Mittelmeer vor Alexandria zum Beispiel ist ein Taucherparadies f\u00fcr Hobbyarch\u00e4ologen. Man kann dort Unmengen alt\u00e4gyptischer Artefakte finden.\u201c<\/p>\n\n\n\n<p class=\"wp-block-paragraph\">\u201eDas klingt verlockend,\u201cmeinte Atti. \u201eDarauf h\u00e4tte ich auch Lust. Da wir gerade beim Wasser sind: Es wird oft behauptet, wegen der Klimaver\u00e4nderung werde das Trinkwasser knapp. Aber wenn der Meeresspiegel steigt, ist es doch sehr einfach, Meerwasser-Entsalzungsanlagen dort zu bauen, wo heute noch Binnenland ist. Und schon gibt es keinen Trinkwassermangel mehr!\u201c<\/p>\n\n\n\n<p class=\"wp-block-paragraph\">\u201eDas ist eine gute Idee,\u201c lobte Kulle. \u201eDas Ganze wird auch nicht so hei\u00df gegessen, wie es gekocht wird. Will sagen: Der Temperaturanstieg wird niedriger ausfallen, als die Pessimisten prophezeihen. Schlie\u00dflich bauen die Menschen jetzt massenweise Elektroautos. Und die fahren nicht mit fossilen Energien, wie man wei\u00df, sondern mit Strom.\u201c<\/p>\n\n\n\n<p class=\"wp-block-paragraph\">\u201eUnd der Strom wird \u00fcberall zu hundert Prozent aus Wasserkraft gewonnen, jedenfalls in Norwegen. Dort hat der Staat seine \u00f6kologisch akzeptable Wirtschaft \u00fcbrigens mit den Einnahmen aus seinen reichhaltigen \u00d6l- und Gasvorkommen finanziert. Das Zeug muss schlie\u00dflich zu irgend etwas gut sein.\u201c<\/p>\n\n\n\n<p class=\"wp-block-paragraph\">\u201eAch, M\u00e4nner,\u201c seufzte Atti, als sie wieder kurz vor B\u00e4renleben waren. \u201eW\u00e4re es nicht sch\u00f6n, wenn sich jetzt vor uns K\u00f6nigspalmen im Wind wiegten anstatt der h\u00e4sslichen Kiefern da vorne?\u201c<\/p>\n\n\n\n<p class=\"wp-block-paragraph\">\u201eDu vergisst, dass unser B\u00e4renpelz nicht sonderlich gut f\u00fcr subtropische Temperaturen taugt. Aber wer sich vorzugsweise mit dem Gendern besch\u00e4ftigt, hat vielleicht keine Zeit f\u00fcr biologische Kenntnisse\u2026\u201c<\/p>\n\n\n\n<figure class=\"wp-block-image size-large\"><a href=\"https:\/\/baerdel.de\/maerchen\/wp-content\/uploads\/IMG_6186.jpeg\"><img loading=\"lazy\" decoding=\"async\" width=\"1024\" height=\"960\" src=\"https:\/\/baerdel.de\/maerchen\/wp-content\/uploads\/IMG_6186-1024x960.jpeg\" alt=\"\" class=\"wp-image-1353\" srcset=\"https:\/\/baerdel.de\/maerchen\/wp-content\/uploads\/IMG_6186-1024x960.jpeg 1024w, https:\/\/baerdel.de\/maerchen\/wp-content\/uploads\/IMG_6186-300x281.jpeg 300w, https:\/\/baerdel.de\/maerchen\/wp-content\/uploads\/IMG_6186-768x720.jpeg 768w, https:\/\/baerdel.de\/maerchen\/wp-content\/uploads\/IMG_6186-1536x1441.jpeg 1536w, https:\/\/baerdel.de\/maerchen\/wp-content\/uploads\/IMG_6186-1200x1125.jpeg 1200w, https:\/\/baerdel.de\/maerchen\/wp-content\/uploads\/IMG_6186.jpeg 1900w\" sizes=\"auto, (max-width: 1024px) 100vw, 1024px\" \/><\/a><figcaption>Na, Nuk und Kulle<\/figcaption><\/figure>\n\n\n\n<p class=\"wp-block-paragraph\">Schon bei \u201avorzugsweise\u2018 hatte Kulle zu rennen begonnen und gut daran getan. Athabasca war deutlich schneller als er und holte ihn ein, als er sich gerade in den Dorfteich rettete. Sie sprang ihm nach. Die drei Eisb\u00e4ren waren begeistert und beteiligten sich mit Wonne an der Balgerei.<\/p>\n\n\n\n<p class=\"wp-block-paragraph\">April 2021<\/p>\n","protected":false},"excerpt":{"rendered":"<p>Der Morgenspaziergang von B\u00e4rdel und Kulle hatte eine lange Tradition. Manchmal wurden sie von anderen B\u00e4renlebenern begleitet. Manchmal kam auch Athabaska mit ihnen mit, aber dann herrschten besondere Bedingungen. Das gem\u00e4chliche Daherschreiten der beiden M\u00e4nner fand Atti viel zu langweilig, andererseits mochte sie deren Gesellschaft gern. Deshalb hatte sie ein Spiel eingef\u00fchrt. Jeder von ihnen&hellip; <a class=\"more-link\" href=\"https:\/\/baerdel.de\/maerchen\/2021\/04\/schnick-schnack-schnuck\/\"><span class=\"screen-reader-text\">Schnick- Schnack- Schnuck<\/span> weiterlesen<\/a><\/p>\n","protected":false},"author":4,"featured_media":0,"comment_status":"closed","ping_status":"closed","sticky":false,"template":"","format":"standard","meta":{"_crdt_document":"","footnotes":""},"categories":[10,5],"tags":[],"class_list":["post-1352","post","type-post","status-publish","format-standard","hentry","category-baerdel","category-baerdel3","entry"],"_links":{"self":[{"href":"https:\/\/baerdel.de\/maerchen\/wp-json\/wp\/v2\/posts\/1352","targetHints":{"allow":["GET"]}}],"collection":[{"href":"https:\/\/baerdel.de\/maerchen\/wp-json\/wp\/v2\/posts"}],"about":[{"href":"https:\/\/baerdel.de\/maerchen\/wp-json\/wp\/v2\/types\/post"}],"author":[{"embeddable":true,"href":"https:\/\/baerdel.de\/maerchen\/wp-json\/wp\/v2\/users\/4"}],"replies":[{"embeddable":true,"href":"https:\/\/baerdel.de\/maerchen\/wp-json\/wp\/v2\/comments?post=1352"}],"version-history":[{"count":3,"href":"https:\/\/baerdel.de\/maerchen\/wp-json\/wp\/v2\/posts\/1352\/revisions"}],"predecessor-version":[{"id":1358,"href":"https:\/\/baerdel.de\/maerchen\/wp-json\/wp\/v2\/posts\/1352\/revisions\/1358"}],"wp:attachment":[{"href":"https:\/\/baerdel.de\/maerchen\/wp-json\/wp\/v2\/media?parent=1352"}],"wp:term":[{"taxonomy":"category","embeddable":true,"href":"https:\/\/baerdel.de\/maerchen\/wp-json\/wp\/v2\/categories?post=1352"},{"taxonomy":"post_tag","embeddable":true,"href":"https:\/\/baerdel.de\/maerchen\/wp-json\/wp\/v2\/tags?post=1352"}],"curies":[{"name":"wp","href":"https:\/\/api.w.org\/{rel}","templated":true}]}}