{"id":1336,"date":"2021-01-09T17:08:04","date_gmt":"2021-01-09T15:08:04","guid":{"rendered":"https:\/\/baerdel.de\/maerchen\/?p=1336"},"modified":"2021-01-09T17:10:28","modified_gmt":"2021-01-09T15:10:28","slug":"aus-der-traum","status":"publish","type":"post","link":"https:\/\/baerdel.de\/maerchen\/2021\/01\/aus-der-traum\/","title":{"rendered":"Aus der Traum"},"content":{"rendered":"\n<p class=\"wp-block-paragraph\">\u201eOnkel Kulle, Onkel Kulle, wir m\u00fcssen Dir was sagen!\u201c<\/p>\n\n\n\n<figure class=\"wp-block-gallery columns-2 is-cropped wp-block-gallery-1 is-layout-flex wp-block-gallery-is-layout-flex\"><ul class=\"blocks-gallery-grid\"><li class=\"blocks-gallery-item\"><figure><a href=\"https:\/\/baerdel.de\/maerchen\/wp-content\/uploads\/Kulleneu15.jpg\"><img loading=\"lazy\" decoding=\"async\" width=\"1024\" height=\"970\" src=\"https:\/\/baerdel.de\/maerchen\/wp-content\/uploads\/Kulleneu15-1024x970.jpg\" alt=\"\" data-id=\"1046\" data-full-url=\"https:\/\/baerdel.de\/maerchen\/wp-content\/uploads\/Kulleneu15.jpg\" data-link=\"https:\/\/baerdel.de\/maerchen\/kulleneu15\/\" class=\"wp-image-1046\" srcset=\"https:\/\/baerdel.de\/maerchen\/wp-content\/uploads\/Kulleneu15-1024x970.jpg 1024w, https:\/\/baerdel.de\/maerchen\/wp-content\/uploads\/Kulleneu15-300x284.jpg 300w, https:\/\/baerdel.de\/maerchen\/wp-content\/uploads\/Kulleneu15-768x727.jpg 768w, https:\/\/baerdel.de\/maerchen\/wp-content\/uploads\/Kulleneu15-1200x1136.jpg 1200w\" sizes=\"auto, (max-width: 1024px) 100vw, 1024px\" \/><\/a><figcaption class=\"blocks-gallery-item__caption\">Kulle<\/figcaption><\/figure><\/li><li class=\"blocks-gallery-item\"><figure><a href=\"https:\/\/baerdel.de\/maerchen\/wp-content\/uploads\/PICT1390.JPG.jpg\"><img loading=\"lazy\" decoding=\"async\" width=\"1024\" height=\"768\" src=\"https:\/\/baerdel.de\/maerchen\/wp-content\/uploads\/PICT1390.JPG-1024x768.jpg\" alt=\"\" data-id=\"1186\" data-full-url=\"https:\/\/baerdel.de\/maerchen\/wp-content\/uploads\/PICT1390.JPG.jpg\" data-link=\"https:\/\/baerdel.de\/maerchen\/dcf-1-0-6\/\" class=\"wp-image-1186\" srcset=\"https:\/\/baerdel.de\/maerchen\/wp-content\/uploads\/PICT1390.JPG-1024x768.jpg 1024w, https:\/\/baerdel.de\/maerchen\/wp-content\/uploads\/PICT1390.JPG-300x225.jpg 300w, https:\/\/baerdel.de\/maerchen\/wp-content\/uploads\/PICT1390.JPG-768x576.jpg 768w, https:\/\/baerdel.de\/maerchen\/wp-content\/uploads\/PICT1390.JPG-1536x1152.jpg 1536w, https:\/\/baerdel.de\/maerchen\/wp-content\/uploads\/PICT1390.JPG-2048x1536.jpg 2048w, https:\/\/baerdel.de\/maerchen\/wp-content\/uploads\/PICT1390.JPG-1200x900.jpg 1200w, https:\/\/baerdel.de\/maerchen\/wp-content\/uploads\/PICT1390.JPG-1980x1485.jpg 1980w\" sizes=\"auto, (max-width: 1024px) 100vw, 1024px\" \/><\/a><figcaption class=\"blocks-gallery-item__caption\">Nuk und Na<\/figcaption><\/figure><\/li><\/ul><figcaption class=\"blocks-gallery-caption\">Die Protagonisten<\/figcaption><\/figure>\n\n\n\n<p class=\"wp-block-paragraph\">\u201eWas denn?\u201c Kulle unterbrach seine Rousseau-Lekt\u00fcre f\u00fcr die Eisb\u00e4renzwilinge gern.<\/p>\n\n\n\n<p class=\"wp-block-paragraph\">\u201eWir haben Tante Atti gesehen. Nein, wir haben ihr nicht nachspioniert. Und Du darfst ihr auch nicht erz\u00e4hlen, was wir beobachtet haben.\u201c Nuk war erkennbar durcheinander.<\/p>\n\n\n\n<p class=\"wp-block-paragraph\">\u201eUnd was war das?\u201c fragte Kulle am\u00fcsiert. Die Geschwister steckten mitten in der Pubert\u00e4t. Wahrscheinlich hatten sie eine ihnen noch unbekannte sexuelle Handlung bemerkt und hielten sie f\u00fcr sensationell.<\/p>\n\n\n\n<figure class=\"wp-block-image size-large is-style-rounded\"><a href=\"https:\/\/baerdel.de\/maerchen\/wp-content\/uploads\/attigras-2.jpg\"><img loading=\"lazy\" decoding=\"async\" width=\"1024\" height=\"768\" src=\"https:\/\/baerdel.de\/maerchen\/wp-content\/uploads\/attigras-2-1024x768.jpg\" alt=\"\" class=\"wp-image-12\" srcset=\"https:\/\/baerdel.de\/maerchen\/wp-content\/uploads\/attigras-2-1024x768.jpg 1024w, https:\/\/baerdel.de\/maerchen\/wp-content\/uploads\/attigras-2-300x225.jpg 300w, https:\/\/baerdel.de\/maerchen\/wp-content\/uploads\/attigras-2.jpg 1200w\" sizes=\"auto, (max-width: 1024px) 100vw, 1024px\" \/><\/a><figcaption>Athabaska<\/figcaption><\/figure>\n\n\n\n<p class=\"wp-block-paragraph\">\u201eTante Atti hat Fr\u00fcchte gesammelt. Schneebeeren, Hagebutten und diese blauen \u2013 wie hei\u00dfen die gleich?\u201c<\/p>\n\n\n\n<p class=\"wp-block-paragraph\">\u201eMeinst Du Wacholderbeeren?\u201c schlug Kulle vor.<\/p>\n\n\n\n<p class=\"wp-block-paragraph\">\u201eGenau, Wacholderbeeren.\u201c Na und Nuk nickten gleichzeitig. \u201eUnd dann hat sie angefangen, damit Muster zu legen,\u201c erkl\u00e4rte Na. \u201eEin Muster in einem Rechteck. Die Wacholderbeeren waren alle oben links und darin verteilt ein paar Schneebeeren. Auf dem gr\u00f6\u00dften Teil der Fl\u00e4che hat sie Schnebeeren und Hagebutten in waagerechten Streifen angeordnet. Es sah ganz h\u00fcbsch aus, und irgendwie kam es uns bekannt vor. Wir wollten gerade fragen, was sie da macht, als sie anfing, darauf herumzuspringen und das Muster zu zerst\u00f6ren. Sie war dabei so w\u00fctend, dass wir Angst bekommen haben und weggelaufen sind. Onkel Kulle, was ist blo\u00df mit Tante Atti los?\u201c<\/p>\n\n\n\n<p class=\"wp-block-paragraph\">Kulle hatte eine Vermutung, was Athabasca bewegte, aber er wollte den Eisb\u00e4renkindern nicht sofort antworten, sondern sich erst Gewissheit verschaffen. \u201eVielleicht hat sie eine neue Trendsportart ausprobiert?\u201c sagte er leichthin. \u201eDa gibt es ja die verr\u00fccktesten Sachen. Ihr m\u00fcsst Euch nicht beunruhigen. Ich werde mit Tante Atti reden.\u201c<\/p>\n\n\n\n<p class=\"wp-block-paragraph\">Nachdem Nanuk sich in Richtung eines nahegelegenen Baggersees getrollt hatten, machte Kulle sich auf die Suche. Er fand Athabasca schnell, denn er kannte das Versteck unter dichten Brombeerb\u00fcschen, in das sie sich verkroch, wenn sie allein sein wollte. Oft kam das nicht vor \u2013 es musste schon einen triftigen Grund daf\u00fcr geben.<\/p>\n\n\n\n<p class=\"wp-block-paragraph\">Er scharrte bescheiden vor dem Eingangsloch, er scharrte lange, denn Athabasca fauchte drohend und anhaltend, bevor sie nachgab. Kulle schob sich durch den engen Einlass und nahm seine Freundin in die Arme.<\/p>\n\n\n\n<p class=\"wp-block-paragraph\">\u201eNa?\u201c sagte er. \u201eEnde des amerikanischen Traums?\u201c<\/p>\n\n\n\n<p class=\"wp-block-paragraph\">\u201eEigentlich ist der ja schon lange ausgetr\u00e4umt. Und au\u00dferdem bin ich aus Kanada. Aber trotzdem\u2026\u201c Sie zog ger\u00e4uschvoll den Rotz in ihrer Nase hoch und r\u00e4usperte sich.<\/p>\n\n\n\n<p class=\"wp-block-paragraph\">\u201eWei\u00dft Du,\u201c fuhr sie fort, \u201ees ist ja nicht nur Trump. Es hat viel fr\u00fcher angefangen. In den USA und \u00fcberall. Chavez und Maduro in Venezuela, Erdogan in der T\u00fcrkei, Putin in Russland\u2026\u201c (Kulles Bemerkung: \u201eNanuk nennen ihn \u00fcbrigens nur \u201eLa Putain\u201c, haben sie das von Dir?\u201c)\u2026entlockte ihr immerhin ein kleines L\u00e4cheln und ein Nicken. \u201eBolsonaro, Duterte, Orban, Kakzynski \u2013 die Demokratie ist \u00fcberall auf dem R\u00fcckzug. Ich wei\u00df nicht, warum das so ist, und ich will dar\u00fcber jetzt auch nicht reden. Ein andermal vielleicht.\u201c<\/p>\n\n\n\n<p class=\"wp-block-paragraph\">Atti hatte Kulle den Wind aus den Segeln genommen, denn nat\u00fcrlich hatte er versuchen wollen, sie mit einer Diskussion \u00fcber die m\u00f6glichen Gr\u00fcnde ver\u00e4nderter politischer Pr\u00e4ferenzen von ihrem Kummer abzulenken. Deshalb versuchte er es anders.<\/p>\n\n\n\n<p class=\"wp-block-paragraph\">\u201eMeiner Meinung nach ist die Demokratie nicht die optimale politische Ordnung.\u201c<\/p>\n\n\n\n<p class=\"wp-block-paragraph\">Das war die falsche Strategie, wie sich gleich zeigte.<\/p>\n\n\n\n<p class=\"wp-block-paragraph\">\u201eAch nein? Dein Rousseau soll es richten? Die Volont\u00e9 g\u00e9n\u00e9rale, die Einsicht in die Vernunft, funktioniert Deiner Meinung nach ohne Zwang? Darf ich Dich daran erinnern, dass der \u201eContract social\u201c zu Robbespierres Lieblingslekt\u00fcre geh\u00f6rte, w\u00e4hrend er sich dazu entschloss, die Guillotine die S\u00e4uberungsarbeit verrichten zu lassen?<\/p>\n\n\n\n<p class=\"wp-block-paragraph\">Oder Dein Marx? Aus dessen \u201aReich der Freiheit\u2018 krochen Lenin, Stalin und Mao, und aktuell r\u00fchmt sich Xi Jinping dieser Ahnenreihe.\u201c<\/p>\n\n\n\n<p class=\"wp-block-paragraph\">Kulle nickte. Er gab ungern zu, dass seine Lieblingstheorien in der Praxis zu furchtbaren Verh\u00e4ltnissen beigetragen hatten, aber es blieb ihm nichts anderes \u00fcbrig.<\/p>\n\n\n\n<p class=\"wp-block-paragraph\">\u201eWollen wir den Kindern sagen, was Dir zu schaffen macht?\u201c fragte er.<\/p>\n\n\n\n<p class=\"wp-block-paragraph\">\u201eDen Kindern? Wir sollten uns allm\u00e4hlich daran gew\u00f6hnen, dass wir es mit jungen Frauen zu tun haben. Mir f\u00e4llt das auch schwer. Es ihnen sagen? Nein. Sie sind intelligent, sie werden von selbst darauf kommen. Einstweilen sollen sie sich mit Deiner genialen Erkl\u00e4rung zufriedengeben. Eine neue Trendsportart \u2013 das muss einem erst mal einfallen. Ich bin gespannt, wie lange es dauert, bis sie Dich entlarven.\u201c<\/p>\n\n\n\n<p class=\"wp-block-paragraph\">Kulle lie\u00df den Kopf h\u00e4ngen und erreichte, was er damit beabsichtigte. Athabasca knuffte ihn z\u00e4rtlich und sagte: \u201eSchluss jetzt damit. Komm, lass uns kuscheln.\u201c<\/p>\n\n\n\n<p class=\"wp-block-paragraph\">Januar 2021<\/p>\n","protected":false},"excerpt":{"rendered":"<p>\u201eOnkel Kulle, Onkel Kulle, wir m\u00fcssen Dir was sagen!\u201c \u201eWas denn?\u201c Kulle unterbrach seine Rousseau-Lekt\u00fcre f\u00fcr die Eisb\u00e4renzwilinge gern. \u201eWir haben Tante Atti gesehen. Nein, wir haben ihr nicht nachspioniert. Und Du darfst ihr auch nicht erz\u00e4hlen, was wir beobachtet haben.\u201c Nuk war erkennbar durcheinander. \u201eUnd was war das?\u201c fragte Kulle am\u00fcsiert. Die Geschwister steckten&hellip; <a class=\"more-link\" href=\"https:\/\/baerdel.de\/maerchen\/2021\/01\/aus-der-traum\/\"><span class=\"screen-reader-text\">Aus der Traum<\/span> weiterlesen<\/a><\/p>\n","protected":false},"author":1,"featured_media":0,"comment_status":"closed","ping_status":"closed","sticky":false,"template":"","format":"standard","meta":{"_crdt_document":"","footnotes":""},"categories":[9,17],"tags":[],"class_list":["post-1336","post","type-post","status-publish","format-standard","hentry","category-kulle3-2","category-politische-marginalien","entry"],"_links":{"self":[{"href":"https:\/\/baerdel.de\/maerchen\/wp-json\/wp\/v2\/posts\/1336","targetHints":{"allow":["GET"]}}],"collection":[{"href":"https:\/\/baerdel.de\/maerchen\/wp-json\/wp\/v2\/posts"}],"about":[{"href":"https:\/\/baerdel.de\/maerchen\/wp-json\/wp\/v2\/types\/post"}],"author":[{"embeddable":true,"href":"https:\/\/baerdel.de\/maerchen\/wp-json\/wp\/v2\/users\/1"}],"replies":[{"embeddable":true,"href":"https:\/\/baerdel.de\/maerchen\/wp-json\/wp\/v2\/comments?post=1336"}],"version-history":[{"count":1,"href":"https:\/\/baerdel.de\/maerchen\/wp-json\/wp\/v2\/posts\/1336\/revisions"}],"predecessor-version":[{"id":1337,"href":"https:\/\/baerdel.de\/maerchen\/wp-json\/wp\/v2\/posts\/1336\/revisions\/1337"}],"wp:attachment":[{"href":"https:\/\/baerdel.de\/maerchen\/wp-json\/wp\/v2\/media?parent=1336"}],"wp:term":[{"taxonomy":"category","embeddable":true,"href":"https:\/\/baerdel.de\/maerchen\/wp-json\/wp\/v2\/categories?post=1336"},{"taxonomy":"post_tag","embeddable":true,"href":"https:\/\/baerdel.de\/maerchen\/wp-json\/wp\/v2\/tags?post=1336"}],"curies":[{"name":"wp","href":"https:\/\/api.w.org\/{rel}","templated":true}]}}